{"id":92552,"date":"2018-02-23T22:37:06","date_gmt":"2018-02-24T01:37:06","guid":{"rendered":"http:\/\/diarioregionaljf.com.br\/2018\/02\/23\/alunos-e-funcionarios-da-escola-normal-aguardam-reparos-no-telhado-da-instituicao\/"},"modified":"2018-02-23T22:37:06","modified_gmt":"2018-02-24T01:37:06","slug":"alunos-e-funcionarios-da-escola-normal-aguardam-reparos-no-telhado-da-instituicao","status":"publish","type":"post","link":"https:\/\/diarioregionaldigital.com.br\/?p=92552","title":{"rendered":"Alunos e funcion\u00e1rios da Escola Normal aguardam reparos no telhado da institui\u00e7\u00e3o"},"content":{"rendered":"<p>H\u00e1 nove meses, estudantes, professores e funcion\u00e1rios do Instituto Estadual de Educa\u00e7\u00e3o de Juiz de Fora, conhecido como Escola Normal, sofrem com os danos causados por uma forte chuva ocorrida em maio de 2017.<\/p>\n<p>\u201cNo dia 6 de maio do ano passado, houve uma chuva muito forte de granizo na cidade. O telhado de policarbonato, um material leve, foi bastante danificado e ele j\u00e1 n\u00e3o estava muito legal. Eu n\u00e3o sou engenheiro, mas acredito que tamb\u00e9m tenha afetado a estrutura\u201d, relatou o diretor da institui\u00e7\u00e3o, Leonardo Ferreira da Silva.<\/p>\n<p>A demora no conserto do telhado levou Andr\u00e9 Duraes a tirar a filha, que cursa o 8\u00ba ano, da escola. Ela estudava na institui\u00e7\u00e3o h\u00e1 tr\u00eas anos. Nesta semana, o pai esteve no Instituto e gravou um v\u00eddeo onde mostra a situa\u00e7\u00e3o do telhado. \u201cVai fazer um ano que o telhado quebrou. O pr\u00e9dio anexo fica alagado e a escada, onde eu filmei, estava embaixo de chuva\u201d, disse Duraes. \u201cEu filmei e coloquei nas redes sociais para que as pessoas tomassem ci\u00eancia do caso e ajudem a fazer algo\u201d, completou.<\/p>\n<p>Segundo Duraes, o descaso foi o que motivou a retirada da filha da institui\u00e7\u00e3o. Nas imagens gravadas por ele, em uma dia chuvoso, vemos alunos subindo a escada, que d\u00e1 acesso ao terceiro andar, com sombrinhas abertas devido \u00e0s chuvas. Al\u00e9m disso, os corredores tamb\u00e9m estavam molhados por conta dos buracos no telhado.<\/p>\n<p>&nbsp;<\/p>\n<h4>PROCURA POR AJUDA<\/h4>\n<p>Na semana seguinte \u00e0 chuva de granizo, que ocorreu em um s\u00e1bado, o diretor do Instituto foi \u00e0 Superintend\u00eancia Regional de Ensino (SRE) de Juiz de Fora para relatar o caso. \u201cMe preocupou bastante, porque o telhado, al\u00e9m de cobrir as salas do pr\u00e9dio anexo, tamb\u00e9m cobre o p\u00e1tio, o que aumenta o risco de um acidente\u201d, disse.<\/p>\n<p>Para ter conhecimento melhor da situa\u00e7\u00e3o, Ferreira acionou a Defesa Civil. \u201cMe entregaram um laudo que constatava que era uma situa\u00e7\u00e3o de risco. Retornei \u00e0 Superintend\u00eancia e entreguei o relat\u00f3rio e fotos do telhado. Me informaram que, como era algo emergencial, n\u00e3o seria necess\u00e1rio realizar uma licita\u00e7\u00e3o e me pediram para procurar o menor pre\u00e7o, j\u00e1 que teria que ser feito [a troca do telhado] por empresa especializada\u201d, afirmou o diretor.<\/p>\n<p>Ele conferiu o valor com cinco empresa e encontrou uma de menor valor. \u201cEntreguei o or\u00e7amento com valor mais baixo, R$54.500, a Superintend\u00eancia e estamos aguardando at\u00e9 hoje. Atrav\u00e9s de e-mails, eles me dizem que est\u00e3o corroborando com a gente, por\u00e9m Belo Horizonte informou que n\u00e3o tem verba para enviar\u201d, ressaltou Ferreira.<\/p>\n<p>Enquanto aguardam a libera\u00e7\u00e3o de verba, os frequentadores da institui\u00e7\u00e3o precisam tomar cuidado nos dias de chuva. \u201cA vice-diretora e eu j\u00e1 escorregamos devido ao piso molhado. Na semana passada, uma funcion\u00e1ria que estava limpando o p\u00e1tio escorregou e foi parar no hospital porque machucou as costas\u201d, falou o diretor do Instituto.<\/p>\n<h4>&nbsp;<\/h4>\n<h4>ESCLARECIMENTOS<\/h4>\n<p>Em nota, a Secretaria de Estado de Educa\u00e7\u00e3o (SEE) informou que a equipe de rede f\u00edsica da Superintend\u00eancia Regional de Ensino (SRE) de Juiz de Fora, respons\u00e1vel pela coordena\u00e7\u00e3o da escola, est\u00e1 acompanhando a situa\u00e7\u00e3o junto \u00e0 dire\u00e7\u00e3o da institui\u00e7\u00e3o para que os problemas sejam solucionados o mais breve poss\u00edvel.<\/p>\n<p>\u201cRessaltamos que existe um termo de compromisso, no valor de R$56 mil, para reparos e reforma de parte do telhado da unidade. O processo licitat\u00f3rio j\u00e1 foi realizado e o obra ter\u00e1 in\u00edcio ap\u00f3s a disponibiliza\u00e7\u00e3o do recurso financeiro\u201d, disse no comunicado.<\/p>\n<p>Em rela\u00e7\u00e3o ao projeto arquitet\u00f4nico de reforma total do pr\u00e9dio, que \u00e9 tombado pelo patrim\u00f4nio, a Secretaria disse que est\u00e1 em fase de elabora\u00e7\u00e3o pelo Departamento de Edifica\u00e7\u00f5es e Estradas de Rodagem de Minas Gerais (DEER-MG). \u201cSomente ap\u00f3s a conclus\u00e3o dessa etapa ser\u00e1 poss\u00edvel programar a licita\u00e7\u00e3o da empresa que ser\u00e1 respons\u00e1vel pela obra e prever o custo total da&nbsp;mesma\u201d, finalizou.<\/p>\n","protected":false},"excerpt":{"rendered":"<p>H\u00e1 nove meses, estudantes, professores e funcion\u00e1rios do Instituto Estadual de Educa\u00e7\u00e3o de Juiz de Fora, conhecido como Escola Normal, sofrem com os danos causados por uma forte chuva ocorrida em maio de 2017. \u201cNo dia 6 de maio do ano passado, houve uma chuva muito forte de granizo na cidade. O telhado de policarbonato, [&hellip;]<\/p>\n","protected":false},"author":96,"featured_media":92551,"comment_status":"closed","ping_status":"closed","sticky":false,"template":"","format":"standard","meta":{"footnotes":""},"categories":[253],"tags":[],"class_list":["post-92552","post","type-post","status-publish","format-standard","has-post-thumbnail","hentry","category-cidade"],"_links":{"self":[{"href":"https:\/\/diarioregionaldigital.com.br\/index.php?rest_route=\/wp\/v2\/posts\/92552","targetHints":{"allow":["GET"]}}],"collection":[{"href":"https:\/\/diarioregionaldigital.com.br\/index.php?rest_route=\/wp\/v2\/posts"}],"about":[{"href":"https:\/\/diarioregionaldigital.com.br\/index.php?rest_route=\/wp\/v2\/types\/post"}],"author":[{"embeddable":true,"href":"https:\/\/diarioregionaldigital.com.br\/index.php?rest_route=\/wp\/v2\/users\/96"}],"replies":[{"embeddable":true,"href":"https:\/\/diarioregionaldigital.com.br\/index.php?rest_route=%2Fwp%2Fv2%2Fcomments&post=92552"}],"version-history":[{"count":0,"href":"https:\/\/diarioregionaldigital.com.br\/index.php?rest_route=\/wp\/v2\/posts\/92552\/revisions"}],"wp:featuredmedia":[{"embeddable":true,"href":"https:\/\/diarioregionaldigital.com.br\/index.php?rest_route=\/wp\/v2\/media\/92551"}],"wp:attachment":[{"href":"https:\/\/diarioregionaldigital.com.br\/index.php?rest_route=%2Fwp%2Fv2%2Fmedia&parent=92552"}],"wp:term":[{"taxonomy":"category","embeddable":true,"href":"https:\/\/diarioregionaldigital.com.br\/index.php?rest_route=%2Fwp%2Fv2%2Fcategories&post=92552"},{"taxonomy":"post_tag","embeddable":true,"href":"https:\/\/diarioregionaldigital.com.br\/index.php?rest_route=%2Fwp%2Fv2%2Ftags&post=92552"}],"curies":[{"name":"wp","href":"https:\/\/api.w.org\/{rel}","templated":true}]}}