{"id":92547,"date":"2018-02-23T21:15:42","date_gmt":"2018-02-24T00:15:42","guid":{"rendered":"http:\/\/diarioregionaljf.com.br\/2018\/02\/23\/pm-apresenta-projeto-celular-seguro-em-juiz-de-fora\/"},"modified":"2018-02-23T21:15:42","modified_gmt":"2018-02-24T00:15:42","slug":"pm-apresenta-projeto-celular-seguro-em-juiz-de-fora","status":"publish","type":"post","link":"https:\/\/diarioregionaldigital.com.br\/?p=92547","title":{"rendered":"PM apresenta projeto Celular Seguro em Juiz de Fora"},"content":{"rendered":"<p>Nesta segunda-feira, 26, a Pol\u00edcia Militar (PM) lan\u00e7ar\u00e1, em Juiz de Fora, o projeto Celular Seguro, ferramenta que visa coibir a pr\u00e1tica de furtos e roubos de celulares. A partir das 10h, um \u00f4nibus da PM estar\u00e1 no Parque Halfeld tirando d\u00favidas e cadastrando a popula\u00e7\u00e3o no servi\u00e7o. Segundo o assessor de comunica\u00e7\u00e3o organizacional da 4\u00aa Regi\u00e3o da PM, major Jovanio Campos, ap\u00f3s o cadastro, que deve ser realizado no site www.policiamilitar.mg.gov.br\/celularseguro, as informa\u00e7\u00f5es do usu\u00e1rio ficar\u00e3o armazenadas em um banco de dados.<\/p>\n<p>\u201cDurante o processo, o cidad\u00e3o ir\u00e1 informar o IMEI [n\u00famero de identifica\u00e7\u00e3o \u00fanico e global] do aparelho. Se algum dia acontecer algum delito, ele poder\u00e1 entrar no site e registrar uma queixa\u201d, explica. Caso os celulares sejam recuperados, ser\u00e1 poss\u00edvel encontrar o dono.&nbsp;\u201cEstando cadastrados, os policiais militares, durante a abordagem a pessoas suspeitas, conseguir\u00e3o verificar a origem do aparelho e a sua situa\u00e7\u00e3o atual. Caso conte como furtado ou roubado, o infrator ir\u00e1 responder pelo ato\u201d, refor\u00e7a o major.<\/p>\n<p>Segundo Campos, inibir a pr\u00e1tica \u00e9 o grande desafio da pol\u00edcia. Dados mostram que o n\u00famero de roubos de aparelhos no estado ultrapassa um milh\u00e3o. \u201cO celular \u00e9 de f\u00e1cil acesso. Muita gente rouba e v\u00e1rias compram esse material. A partir da intensifica\u00e7\u00e3o da a\u00e7\u00e3o e com a retirada dessas pessoas de circula\u00e7\u00e3o, estamos garantindo prote\u00e7\u00e3o maior para a comunidade\u201d, diz.<\/p>\n<p>A dica, conforme o major, \u00e9 comprar aparelhos que possuem nota fiscal, uma vez que ao adquirir um celular roubado, a pessoa pode responder judicialmente. \u201cO cidad\u00e3o n\u00e3o deve comprar aparelhos sem saber a origem. Primeiro, por direitos do consumidor, visto que ele n\u00e3o ter\u00e1 como reclamar em caso de algum defeito, j\u00e1 que n\u00e3o possui os documentos do aparelho. Outra, que a atividade \u00e9 enquadrada como um crime de recepta\u00e7\u00e3o. \u00c9 importante comprar de lojas que ofere\u00e7am nota fiscal e exigir o documento caso compre de um terceiro\u201d, alerta.<\/p>\n<p>&nbsp;<\/p>\n<h4>COMO PARTICIPAR<\/h4>\n<p>&nbsp;<\/p>\n<p>\u2022 Digite *#06# no teclado do seu celular e o n\u00famero do IMEI aparecer\u00e1 na tela. Anote e guarde em um local seguro.<\/p>\n<p>\u2022 Fa\u00e7a seu cadastro no site www.policiamilitar.mg.gov.br\/celularseguro, informando seus dados e o n\u00famero do IMEI de seu aparelho.<\/p>\n<p>\u2022 Em caso de extravio, furto ou roubo de celular, informe o n\u00famero do IMEI ao registrar na ocorr\u00eancia e sinalize no site que o aparelho foi furtado\/roubado.<\/p>\n<p>\u2022 Se um Policial Militar abordar uma pessoa com seu aparelho celular ele ter\u00e1 condi\u00e7\u00f5es de verificar junto ao site que o aparelho est\u00e1 com a sinaliza\u00e7\u00e3o de furto e roubo, e pela ocorr\u00eancia que voc\u00ea registrou (informando o IMEI) conseguir\u00e1 te encontrar.<\/p>\n<p>\u2022 Al\u00e9m disso, \u00e9 poss\u00edvel fazer o rastreamento dos aparelhos que usam os sistemas Android, iOS (iPhone) ou Windows Phone e descobrir a sua localiza\u00e7\u00e3o.<\/p>\n<p>\u2022 Agindo dessa forma a pessoa que estava com o seu aparelho poder\u00e1 ser presa pelo crime de recepta\u00e7\u00e3o e a PM ter\u00e1 mais rapidez para devolver seu celular!<\/p>\n","protected":false},"excerpt":{"rendered":"<p>Nesta segunda-feira, 26, a Pol\u00edcia Militar (PM) lan\u00e7ar\u00e1, em Juiz de Fora, o projeto Celular Seguro, ferramenta que visa coibir a pr\u00e1tica de furtos e roubos de celulares. A partir das 10h, um \u00f4nibus da PM estar\u00e1 no Parque Halfeld tirando d\u00favidas e cadastrando a popula\u00e7\u00e3o no servi\u00e7o. Segundo o assessor de comunica\u00e7\u00e3o organizacional da [&hellip;]<\/p>\n","protected":false},"author":96,"featured_media":92546,"comment_status":"closed","ping_status":"closed","sticky":false,"template":"","format":"standard","meta":{"footnotes":""},"categories":[253],"tags":[],"class_list":["post-92547","post","type-post","status-publish","format-standard","has-post-thumbnail","hentry","category-cidade"],"_links":{"self":[{"href":"https:\/\/diarioregionaldigital.com.br\/index.php?rest_route=\/wp\/v2\/posts\/92547","targetHints":{"allow":["GET"]}}],"collection":[{"href":"https:\/\/diarioregionaldigital.com.br\/index.php?rest_route=\/wp\/v2\/posts"}],"about":[{"href":"https:\/\/diarioregionaldigital.com.br\/index.php?rest_route=\/wp\/v2\/types\/post"}],"author":[{"embeddable":true,"href":"https:\/\/diarioregionaldigital.com.br\/index.php?rest_route=\/wp\/v2\/users\/96"}],"replies":[{"embeddable":true,"href":"https:\/\/diarioregionaldigital.com.br\/index.php?rest_route=%2Fwp%2Fv2%2Fcomments&post=92547"}],"version-history":[{"count":0,"href":"https:\/\/diarioregionaldigital.com.br\/index.php?rest_route=\/wp\/v2\/posts\/92547\/revisions"}],"wp:featuredmedia":[{"embeddable":true,"href":"https:\/\/diarioregionaldigital.com.br\/index.php?rest_route=\/wp\/v2\/media\/92546"}],"wp:attachment":[{"href":"https:\/\/diarioregionaldigital.com.br\/index.php?rest_route=%2Fwp%2Fv2%2Fmedia&parent=92547"}],"wp:term":[{"taxonomy":"category","embeddable":true,"href":"https:\/\/diarioregionaldigital.com.br\/index.php?rest_route=%2Fwp%2Fv2%2Fcategories&post=92547"},{"taxonomy":"post_tag","embeddable":true,"href":"https:\/\/diarioregionaldigital.com.br\/index.php?rest_route=%2Fwp%2Fv2%2Ftags&post=92547"}],"curies":[{"name":"wp","href":"https:\/\/api.w.org\/{rel}","templated":true}]}}