{"id":92545,"date":"2018-02-23T20:55:26","date_gmt":"2018-02-23T23:55:26","guid":{"rendered":"http:\/\/diarioregionaljf.com.br\/2018\/02\/23\/jemg-2018-tem-inscricoes-abertas-ate-19-de-marco\/"},"modified":"2018-02-23T20:55:26","modified_gmt":"2018-02-23T23:55:26","slug":"jemg-2018-tem-inscricoes-abertas-ate-19-de-marco","status":"publish","type":"post","link":"https:\/\/diarioregionaldigital.com.br\/?p=92545","title":{"rendered":"JEMG\/2018 tem inscri\u00e7\u00f5es abertas at\u00e9 19 de mar\u00e7o"},"content":{"rendered":"<p>As inscri\u00e7\u00f5es dos munic\u00edpios para o Minas Esportiva\/Jogos Escolares de Minas Gerais \u2013 JEMG\/2018 j\u00e1 est\u00e3o abertas.&nbsp; \u00c9 a hora e a vez da sua cidade garantir uma vaga no maior programa esportivo-social do Governo de Minas Gerais, que ano passado teve 830 munic\u00edpios inscritos. O processo \u00e9 simples e r\u00e1pido! Voc\u00ea, representante municipal, acessa o sistema de inscri\u00e7\u00f5es, clicando em&nbsp;\u201cAcesse aqui\u201d,&nbsp;do lado direito da p\u00e1gina. Garanta a presen\u00e7a da sua cidade no JEMG\/2018! Saia na frente e n\u00e3o deixe para a \u00faltima hora! As inscri\u00e7\u00f5es podem ser feitas no per\u00edodo de&nbsp;21 de fevereiro a 19 de mar\u00e7o.<\/p>\n<p>Para facilitar ainda mais o processo, foi criado um passo a passo que ir\u00e1 auxili\u00e1-lo em todas etapas da inscri\u00e7\u00e3o do munic\u00edpio e das escolas no sistema. Vale lembrar que foi criado um novo sistema de inscri\u00e7\u00e3o.<\/p>\n<p>O Minas Esportiva\/JEMG \u00e9 um Programa do Governo de Minas Gerais, por interm\u00e9dio da Secretaria de Estado de Esportes e da Secretaria de Estado de Educa\u00e7\u00e3o. A execu\u00e7\u00e3o \u00e9 de responsabilidade da Federa\u00e7\u00e3o de Esportes Estudantis de Minas Gerais \u2013 FEEMG.<\/p>\n<p>O Minas Esportiva\/Jogos Escolares de Minas Gerais \u2212 JEMG\/2018 indica os representantes do Estado para os Jogos Escolares da Juventude e para as Paralimp\u00edadas Escolares.<\/p>\n","protected":false},"excerpt":{"rendered":"<p>As inscri\u00e7\u00f5es dos munic\u00edpios para o Minas Esportiva\/Jogos Escolares de Minas Gerais \u2013 JEMG\/2018 j\u00e1 est\u00e3o abertas.&nbsp; \u00c9 a hora e a vez da sua cidade garantir uma vaga no maior programa esportivo-social do Governo de Minas Gerais, que ano passado teve 830 munic\u00edpios inscritos. O processo \u00e9 simples e r\u00e1pido! Voc\u00ea, representante municipal, acessa [&hellip;]<\/p>\n","protected":false},"author":96,"featured_media":92544,"comment_status":"closed","ping_status":"closed","sticky":false,"template":"","format":"standard","meta":{"footnotes":""},"categories":[257],"tags":[],"class_list":["post-92545","post","type-post","status-publish","format-standard","has-post-thumbnail","hentry","category-esporte"],"_links":{"self":[{"href":"https:\/\/diarioregionaldigital.com.br\/index.php?rest_route=\/wp\/v2\/posts\/92545","targetHints":{"allow":["GET"]}}],"collection":[{"href":"https:\/\/diarioregionaldigital.com.br\/index.php?rest_route=\/wp\/v2\/posts"}],"about":[{"href":"https:\/\/diarioregionaldigital.com.br\/index.php?rest_route=\/wp\/v2\/types\/post"}],"author":[{"embeddable":true,"href":"https:\/\/diarioregionaldigital.com.br\/index.php?rest_route=\/wp\/v2\/users\/96"}],"replies":[{"embeddable":true,"href":"https:\/\/diarioregionaldigital.com.br\/index.php?rest_route=%2Fwp%2Fv2%2Fcomments&post=92545"}],"version-history":[{"count":0,"href":"https:\/\/diarioregionaldigital.com.br\/index.php?rest_route=\/wp\/v2\/posts\/92545\/revisions"}],"wp:featuredmedia":[{"embeddable":true,"href":"https:\/\/diarioregionaldigital.com.br\/index.php?rest_route=\/wp\/v2\/media\/92544"}],"wp:attachment":[{"href":"https:\/\/diarioregionaldigital.com.br\/index.php?rest_route=%2Fwp%2Fv2%2Fmedia&parent=92545"}],"wp:term":[{"taxonomy":"category","embeddable":true,"href":"https:\/\/diarioregionaldigital.com.br\/index.php?rest_route=%2Fwp%2Fv2%2Fcategories&post=92545"},{"taxonomy":"post_tag","embeddable":true,"href":"https:\/\/diarioregionaldigital.com.br\/index.php?rest_route=%2Fwp%2Fv2%2Ftags&post=92545"}],"curies":[{"name":"wp","href":"https:\/\/api.w.org\/{rel}","templated":true}]}}