{"id":92521,"date":"2018-02-23T19:22:07","date_gmt":"2018-02-23T22:22:07","guid":{"rendered":"http:\/\/diarioregionaljf.com.br\/2018\/02\/23\/pjf-da-sequencia-a-nomeacoes-de-candidatos-aprovados-em-concursos-publicos\/"},"modified":"2018-02-23T19:22:07","modified_gmt":"2018-02-23T22:22:07","slug":"pjf-da-sequencia-a-nomeacoes-de-candidatos-aprovados-em-concursos-publicos","status":"publish","type":"post","link":"https:\/\/diarioregionaldigital.com.br\/?p=92521","title":{"rendered":"PJF d\u00e1 sequ\u00eancia \u00e0 nomea\u00e7\u00f5es de candidatos aprovados em concursos p\u00fablicos"},"content":{"rendered":"<p>A Prefeitura de Juiz de Fora (PJF) publicar\u00e1 no Di\u00e1rio Oficial do Munic\u00edpio deste s\u00e1bado, 24, duas portarias nomeando 29 candidatos aprovados nos concursos p\u00fablicos relacionados aos editais 02 e 04\/2016. O documento contempla os cargos de assistente de administra\u00e7\u00e3o e social, motorista de ve\u00edculo leve e psic\u00f3logo. Os candidatos nomeados ter\u00e3o 15 dias, a contar da data da publica\u00e7\u00e3o da portaria, para se apresentar na Secretaria de Administra\u00e7\u00e3o e Recursos Humanos (SARH) e outros 15 para iniciar o efetivo exerc\u00edcio do cargo. Com estes servidores j\u00e1 s\u00e3o mais de 1.200 que ingressaram na PJF, desde 2013, atrav\u00e9s de concurso p\u00fablico.<\/p>\n<p>Fonte: Assessoria<\/p>\n","protected":false},"excerpt":{"rendered":"<p>A Prefeitura de Juiz de Fora (PJF) publicar\u00e1 no Di\u00e1rio Oficial do Munic\u00edpio deste s\u00e1bado, 24, duas portarias nomeando 29 candidatos aprovados nos concursos p\u00fablicos relacionados aos editais 02 e 04\/2016. O documento contempla os cargos de assistente de administra\u00e7\u00e3o e social, motorista de ve\u00edculo leve e psic\u00f3logo. Os candidatos nomeados ter\u00e3o 15 dias, a [&hellip;]<\/p>\n","protected":false},"author":96,"featured_media":92520,"comment_status":"closed","ping_status":"closed","sticky":false,"template":"","format":"standard","meta":{"footnotes":""},"categories":[253],"tags":[],"class_list":["post-92521","post","type-post","status-publish","format-standard","has-post-thumbnail","hentry","category-cidade"],"_links":{"self":[{"href":"https:\/\/diarioregionaldigital.com.br\/index.php?rest_route=\/wp\/v2\/posts\/92521","targetHints":{"allow":["GET"]}}],"collection":[{"href":"https:\/\/diarioregionaldigital.com.br\/index.php?rest_route=\/wp\/v2\/posts"}],"about":[{"href":"https:\/\/diarioregionaldigital.com.br\/index.php?rest_route=\/wp\/v2\/types\/post"}],"author":[{"embeddable":true,"href":"https:\/\/diarioregionaldigital.com.br\/index.php?rest_route=\/wp\/v2\/users\/96"}],"replies":[{"embeddable":true,"href":"https:\/\/diarioregionaldigital.com.br\/index.php?rest_route=%2Fwp%2Fv2%2Fcomments&post=92521"}],"version-history":[{"count":0,"href":"https:\/\/diarioregionaldigital.com.br\/index.php?rest_route=\/wp\/v2\/posts\/92521\/revisions"}],"wp:featuredmedia":[{"embeddable":true,"href":"https:\/\/diarioregionaldigital.com.br\/index.php?rest_route=\/wp\/v2\/media\/92520"}],"wp:attachment":[{"href":"https:\/\/diarioregionaldigital.com.br\/index.php?rest_route=%2Fwp%2Fv2%2Fmedia&parent=92521"}],"wp:term":[{"taxonomy":"category","embeddable":true,"href":"https:\/\/diarioregionaldigital.com.br\/index.php?rest_route=%2Fwp%2Fv2%2Fcategories&post=92521"},{"taxonomy":"post_tag","embeddable":true,"href":"https:\/\/diarioregionaldigital.com.br\/index.php?rest_route=%2Fwp%2Fv2%2Ftags&post=92521"}],"curies":[{"name":"wp","href":"https:\/\/api.w.org\/{rel}","templated":true}]}}