{"id":92519,"date":"2018-02-23T19:21:25","date_gmt":"2018-02-23T22:21:25","guid":{"rendered":"http:\/\/diarioregionaljf.com.br\/2018\/02\/23\/homens-orantes-e-operantes\/"},"modified":"2018-04-16T08:05:40","modified_gmt":"2018-04-16T11:05:40","slug":"homens-orantes-e-operantes","status":"publish","type":"post","link":"https:\/\/diarioregionaldigital.com.br\/?p=92519","title":{"rendered":"Homens Orantes e Operantes"},"content":{"rendered":"<p>Para celebrar a 10\u00aa Romaria Nacional do Ter\u00e7o dos Homens ao Santu\u00e1rio de Aparecida, aos 17 de fevereiro \u00faltimo, a liturgia quaresmal apresentava leituras que estavam, coincidentemente, em plena sintonia com o tema do referido encontro: &#8216;O Ter\u00e7o dos Homens, em comunh\u00e3o com as voca\u00e7\u00f5es, resgatando fam\u00edlias&#8217;.<\/p>\n<p>O trecho do evangelho daquele s\u00e1bado oferecia aos fi\u00e9is o relato da voca\u00e7\u00e3o de Mateus, na vers\u00e3o de Lucas, e mostrava Jesus numa casa de fam\u00edlia, participando de um jantar de confraterniza\u00e7\u00e3o. Levi que, ao ser encontrado por Jesus, muda radicalmente sua vida e passa a ser chamado de Mateus, toma agora outro caminho e passa, de simples profissional cobrador de impostos, para verdadeiro mission\u00e1rio da f\u00e9. Sua experi\u00eancia de disc\u00edpulo do Mestre dos Mestres ter\u00e1 perseveran\u00e7a at\u00e9 ao mart\u00edrio. Deixa por escrito tudo o que p\u00f4de presenciar e vivenciar junto a Cristo, sendo seu evangelho o primeiro dos livros do Novo Testamento e o mais completo dos relatos, embora n\u00e3o seja o mais amplo em n\u00famero de cap\u00edtulos.<\/p>\n<p>Mateus oferece a Jesus um banquete em sua casa, para o qual convida tamb\u00e9m seus colegas de profiss\u00e3o e tantas outras pessoas, em geral, consideradas pelos fariseus como pecadoras. Jesus participa prazerosamente daqueles momentos, apresentando-se como m\u00e9dico dos cora\u00e7\u00f5es atribulados pela doen\u00e7a do pecado. \u201cEu n\u00e3o chamar vim \u00e0 convers\u00e3o os justos, mas os pecadores\u201d (Lc 5,32), diz o Senhor.<\/p>\n<p>Na verdade, quem foi resgatado do pecado n\u00e3o foi somente o vocacionado Levi, que se tornou Mateus, mas a sua pr\u00f3pria fam\u00edlia que, certamente, com ele entrou no caminho da convers\u00e3o e tantos outros que receberam a generosa gra\u00e7a.<\/p>\n<p>Os temas \u201cvoca\u00e7\u00f5es e resgate das fam\u00edlias\u201d aqui se encontram, servindo de forte exemplo para Homens do Ter\u00e7o. Tamb\u00e9m estes foram, um dia, encontrados por Cristo Jesus, quando algu\u00e9m os convidou para rezar com ele os Pai Nossos, as Ave-Marias, os Gl\u00f3rias, e as Salve Rainhas do seu Ros\u00e1rio, meditando os mist\u00e9rios da vida de Cristo em quatro contempla\u00e7\u00f5es. \u00c9 Cristo que visita a casa destes homens, quando retornarem para os seus lares, depois de uma ora\u00e7\u00e3o bem rezada, na companhia de Maria, a M\u00e3e, a melhor das mestras no que diz respeito \u00e0s fam\u00edlias. Sobre Maria, o Papa Francisco afirmou: \u201cMaria \u00e9 aquela que sabe transformar um curral de animais em casa de Jesus, com pobres paninhos e uma montanha de ternura \u201c (EG 286-Nov 2013).<\/p>\n<p>Neste Ano do Laicato no Brasil, o Ter\u00e7o dos Homens pode elevar a\u00e7\u00f5es de gra\u00e7as ao Pai, por constituir hoje o movimento laical mais numeroso de nossa P\u00e1tria, experi\u00eancia exitosa nascida dos leigos, conduzida pelos leigos e aprovada e incentivada exultantemente pelos Pastores.<\/p>\n<p>Nesta caminhada quaresmal, rumo \u00e0 P\u00e1scoa, v\u00e3o os homens com o Ter\u00e7o nas m\u00e3os, fazendo seu itiner\u00e1rio de convers\u00e3o, caminhando com Cristo, contemplando seu rosto sofredor, sobretudo naqueles que padecem viol\u00eancia, como recorda a Campanha da Fraternidade deste ano, propondo o caminho da conc\u00f3rdia, do perd\u00e3o e da paz como supera\u00e7\u00e3o da mencionada viol\u00eancia, proclamando a voz de Cristo que nos diz: &#8220;V\u00f3s s\u00f3is todos irm\u00e3os\u201d (Mt 23, 8).<\/p>\n<p>Rezam em seus Ter\u00e7os pelos irm\u00e3os que sofrem a viol\u00eancia dos assaltos, das agress\u00f5es raciais e preconceituosas, a viol\u00eancia praticada em fam\u00edlia, a viol\u00eancia resultante do tr\u00e1fico de drogas, a viol\u00eancia das agress\u00f5es da fome, da mis\u00e9ria, da falta de sa\u00fade, da car\u00eancia de educa\u00e7\u00e3o adequada e respeitosa, sem agress\u00f5es ao patrim\u00f4nio moral e \u00e9tico de nossos ambientes familiares. Rezam pela perseveran\u00e7a das Escolas Cat\u00f3licas e outras confessionais, para que n\u00e3o desistam diante de tantas agress\u00f5es que sofrem neste mundo secularizado e desumano. Rezam pelo fim da corrup\u00e7\u00e3o pol\u00edtica, viol\u00eancia que agride a todos os brasileiros. N\u00e3o deixam de rezar, atualmente, pela liberta\u00e7\u00e3o do povo venezuelano massacrado por um regime pol\u00edtico totalit\u00e1rio e ditador, que age sem piedade contra os direitos e a dignidade das pessoas, justificando seus erros por uma ideologia no m\u00ednimo duvidosa.<\/p>\n<p>O Ter\u00e7o dos Homens, o maior dos movimentos leigos do Brasil na atualidade, tem representado um enorme progresso na vida eclesial em nosso pa\u00eds, convocando homens para a vida eclesial aut\u00eantica, sempre em plena sintonia com seus pastores e promovendo a reconstru\u00e7\u00e3o de tantas fam\u00edlias e comunidades.<\/p>\n<p>&nbsp;<\/p>\n<p><strong><em>Dom Gil Ant\u00f4nio Moreira &#8211; Arcebispo Metropolitano de Juiz de Fora<\/em><\/strong><\/p>\n<p><img loading=\"lazy\" decoding=\"async\" class=\" size-full wp-image-92518\" src=\"http:\/\/diarioregionaljf.com.br\/wp-content\/uploads\/2018\/02\/diario-int-24450-1.JPG\" alt=\"Dom Gil.JPG\" width=\"195\" height=\"293\" srcset=\"https:\/\/diarioregionaldigital.com.br\/wp-content\/uploads\/2018\/02\/diario-int-24450-1.JPG 300w, https:\/\/diarioregionaldigital.com.br\/wp-content\/uploads\/2018\/02\/diario-int-24450-1-200x300.jpg 200w\" sizes=\"auto, (max-width: 195px) 100vw, 195px\" \/><\/p>\n","protected":false},"excerpt":{"rendered":"<p>Para celebrar a 10\u00aa Romaria Nacional do Ter\u00e7o dos Homens ao Santu\u00e1rio de Aparecida, aos 17 de fevereiro \u00faltimo, a liturgia quaresmal apresentava leituras que estavam, coincidentemente, em plena sintonia com o tema do referido encontro: &#8216;O Ter\u00e7o dos Homens, em comunh\u00e3o com as voca\u00e7\u00f5es, resgatando fam\u00edlias&#8217;. O trecho do evangelho daquele s\u00e1bado oferecia aos [&hellip;]<\/p>\n","protected":false},"author":96,"featured_media":92517,"comment_status":"closed","ping_status":"closed","sticky":false,"template":"","format":"standard","meta":{"footnotes":""},"categories":[276],"tags":[],"class_list":["post-92519","post","type-post","status-publish","format-standard","has-post-thumbnail","hentry","category-dom-gil"],"_links":{"self":[{"href":"https:\/\/diarioregionaldigital.com.br\/index.php?rest_route=\/wp\/v2\/posts\/92519","targetHints":{"allow":["GET"]}}],"collection":[{"href":"https:\/\/diarioregionaldigital.com.br\/index.php?rest_route=\/wp\/v2\/posts"}],"about":[{"href":"https:\/\/diarioregionaldigital.com.br\/index.php?rest_route=\/wp\/v2\/types\/post"}],"author":[{"embeddable":true,"href":"https:\/\/diarioregionaldigital.com.br\/index.php?rest_route=\/wp\/v2\/users\/96"}],"replies":[{"embeddable":true,"href":"https:\/\/diarioregionaldigital.com.br\/index.php?rest_route=%2Fwp%2Fv2%2Fcomments&post=92519"}],"version-history":[{"count":0,"href":"https:\/\/diarioregionaldigital.com.br\/index.php?rest_route=\/wp\/v2\/posts\/92519\/revisions"}],"wp:featuredmedia":[{"embeddable":true,"href":"https:\/\/diarioregionaldigital.com.br\/index.php?rest_route=\/wp\/v2\/media\/92517"}],"wp:attachment":[{"href":"https:\/\/diarioregionaldigital.com.br\/index.php?rest_route=%2Fwp%2Fv2%2Fmedia&parent=92519"}],"wp:term":[{"taxonomy":"category","embeddable":true,"href":"https:\/\/diarioregionaldigital.com.br\/index.php?rest_route=%2Fwp%2Fv2%2Fcategories&post=92519"},{"taxonomy":"post_tag","embeddable":true,"href":"https:\/\/diarioregionaldigital.com.br\/index.php?rest_route=%2Fwp%2Fv2%2Ftags&post=92519"}],"curies":[{"name":"wp","href":"https:\/\/api.w.org\/{rel}","templated":true}]}}