{"id":92511,"date":"2018-02-23T19:02:28","date_gmt":"2018-02-23T22:02:28","guid":{"rendered":"http:\/\/diarioregionaljf.com.br\/2018\/02\/23\/projeto-suspende-funcionamento-de-supermercados-aos-domingos\/"},"modified":"2018-02-23T19:02:28","modified_gmt":"2018-02-23T22:02:28","slug":"projeto-suspende-funcionamento-de-supermercados-aos-domingos","status":"publish","type":"post","link":"https:\/\/diarioregionaldigital.com.br\/?p=92511","title":{"rendered":"Projeto suspende funcionamento de supermercados aos domingos"},"content":{"rendered":"<p>Tramita na C\u00e2mara dos Deputados o Projeto de Decreto Legislativo (PDC) 738\/17, que suspende o decreto (9.127\/17) que inclui supermercados e hipermercados entre os estabelecimentos autorizados a funcionar permanentemente aos domingos e feriados.<\/p>\n<p>O deputado Daniel Almeida (PCdoB-BA), que apresentou a proposta, justifica que a abertura do com\u00e9rcio aos domingos e feriados, ao contr\u00e1rio do que pretendiam os comerciantes, n\u00e3o aumentou o movimento, apenas transferiu a prefer\u00eancia do consumidor por estes dias, deixando de fazer suas compras nos demais dias da semana.<\/p>\n<p>\u201cO comerci\u00e1rio passou a trabalhar todos os dias da semana, sem recebimento de hora extra e escravizado com o ac\u00famulo de cr\u00e9dito em banco de horas. N\u00e3o houve aumento de vagas de emprego\u201d, observa Almeida.<\/p>\n<p>Ele argumenta ainda que o Poder Executivo excedeu seus poderes ao editar o decreto em agosto de 2017, sem observar a Consolida\u00e7\u00e3o das Leis do Trabalho (CLT \u2013 Decreto-Lei 5.452\/43) e a Lei 11.603\/07, que trata do funcionamento do com\u00e9rcio aos domingos observada a legisla\u00e7\u00e3o municipal e as conven\u00e7\u00f5es coletivas. A mudan\u00e7a, diz, deveria ser feita por meio de projeto de lei aprovado pela C\u00e2mara e pelo Senado.<\/p>\n<h4>&nbsp;<\/h4>\n<h4>TRAMITA\u00c7\u00c3O<\/h4>\n<p>Antes de ser votado pelo Plen\u00e1rio, o projeto ser\u00e1 analisado pelas comiss\u00f5es de Desenvolvimento Econ\u00f4mico, Ind\u00fastria, Com\u00e9rcio e Servi\u00e7os; de Trabalho, de Administra\u00e7\u00e3o e Servi\u00e7o P\u00fablico; e de Constitui\u00e7\u00e3o e Justi\u00e7a e de Cidadania.<\/p>\n<p>Fonte: Ag\u00eancia C\u00e2mara Not\u00edcias<\/p>\n","protected":false},"excerpt":{"rendered":"<p>Tramita na C\u00e2mara dos Deputados o Projeto de Decreto Legislativo (PDC) 738\/17, que suspende o decreto (9.127\/17) que inclui supermercados e hipermercados entre os estabelecimentos autorizados a funcionar permanentemente aos domingos e feriados. O deputado Daniel Almeida (PCdoB-BA), que apresentou a proposta, justifica que a abertura do com\u00e9rcio aos domingos e feriados, ao contr\u00e1rio do [&hellip;]<\/p>\n","protected":false},"author":96,"featured_media":92510,"comment_status":"closed","ping_status":"closed","sticky":false,"template":"","format":"standard","meta":{"footnotes":""},"categories":[254],"tags":[],"class_list":["post-92511","post","type-post","status-publish","format-standard","has-post-thumbnail","hentry","category-politica"],"_links":{"self":[{"href":"https:\/\/diarioregionaldigital.com.br\/index.php?rest_route=\/wp\/v2\/posts\/92511","targetHints":{"allow":["GET"]}}],"collection":[{"href":"https:\/\/diarioregionaldigital.com.br\/index.php?rest_route=\/wp\/v2\/posts"}],"about":[{"href":"https:\/\/diarioregionaldigital.com.br\/index.php?rest_route=\/wp\/v2\/types\/post"}],"author":[{"embeddable":true,"href":"https:\/\/diarioregionaldigital.com.br\/index.php?rest_route=\/wp\/v2\/users\/96"}],"replies":[{"embeddable":true,"href":"https:\/\/diarioregionaldigital.com.br\/index.php?rest_route=%2Fwp%2Fv2%2Fcomments&post=92511"}],"version-history":[{"count":0,"href":"https:\/\/diarioregionaldigital.com.br\/index.php?rest_route=\/wp\/v2\/posts\/92511\/revisions"}],"wp:featuredmedia":[{"embeddable":true,"href":"https:\/\/diarioregionaldigital.com.br\/index.php?rest_route=\/wp\/v2\/media\/92510"}],"wp:attachment":[{"href":"https:\/\/diarioregionaldigital.com.br\/index.php?rest_route=%2Fwp%2Fv2%2Fmedia&parent=92511"}],"wp:term":[{"taxonomy":"category","embeddable":true,"href":"https:\/\/diarioregionaldigital.com.br\/index.php?rest_route=%2Fwp%2Fv2%2Fcategories&post=92511"},{"taxonomy":"post_tag","embeddable":true,"href":"https:\/\/diarioregionaldigital.com.br\/index.php?rest_route=%2Fwp%2Fv2%2Ftags&post=92511"}],"curies":[{"name":"wp","href":"https:\/\/api.w.org\/{rel}","templated":true}]}}