{"id":92509,"date":"2018-02-23T18:55:47","date_gmt":"2018-02-23T21:55:47","guid":{"rendered":"http:\/\/diarioregionaljf.com.br\/2018\/02\/23\/beneficiarios-do-bolsa-familia-poderao-ter-cartao-para-material-escolar\/"},"modified":"2018-02-23T18:55:47","modified_gmt":"2018-02-23T21:55:47","slug":"beneficiarios-do-bolsa-familia-poderao-ter-cartao-para-material-escolar","status":"publish","type":"post","link":"https:\/\/diarioregionaldigital.com.br\/?p=92509","title":{"rendered":"Benefici\u00e1rios do Bolsa Fam\u00edlia poder\u00e3o ter cart\u00e3o para material escolar"},"content":{"rendered":"<p>Est\u00e1 na pauta da Comiss\u00e3o de Assuntos Sociais (CAS), em reuni\u00e3o prevista para a pr\u00f3xima quarta-feira, 28, a an\u00e1lise do parecer de Otto Alencar (PSD-BA) favor\u00e1vel ao projeto que concede aos benefici\u00e1rios do programa Bolsa Fam\u00edlia (PBF) o Cart\u00e3o Material Escolar (PLS 122\/2013).<\/p>\n<p>A proposta, de L\u00facia V\u00e2nia (PSB-GO), determina a transfer\u00eancia direta de recursos \u00e0s fam\u00edlias que fazem parte do PBF, que tenham em sua composi\u00e7\u00e3o crian\u00e7as e adolescentes entre 4 e 17 anos, matriculados em escolas p\u00fablicas. O aux\u00edlio ter\u00e1 a forma de cart\u00f5es magn\u00e9ticos fornecidos aos pais e baseia-se no programa Cart\u00e3o Material Escolar, que existe no Distrito Federal desde 2013.<\/p>\n<p>Pelo texto, estes cart\u00f5es ter\u00e3o a fun\u00e7\u00e3o exclusiva de d\u00e9bito e s\u00f3 poder\u00e3o ser usados em estabelecimentos credenciados pelo sistema de ensino. Os valores dispon\u00edveis variar\u00e3o de acordo com as etapas da educa\u00e7\u00e3o b\u00e1sica e as modalidades em que estejam matriculados os alunos, al\u00e9m do custo m\u00e9dio do material escolar no respectivo estado.<\/p>\n<p>Os recursos dever\u00e3o vir de conv\u00eanios firmados pelo governo federal com os governos estaduais e municipais, previsto o apoio por meio das destina\u00e7\u00f5es que visam o desenvolvimento e manuten\u00e7\u00e3o do ensino, al\u00e9m de outras rubricas or\u00e7ament\u00e1rias.<\/p>\n<p>&#8220;O projeto \u00e9 bom e tem uma grande vantagem: baseia-se em uma experi\u00eancia j\u00e1 testada e aprovada, no caso o Cart\u00e3o Material Escolar no Distrito Federal. A proposta promove a autonomia cidad\u00e3 no pa\u00eds&#8221;, pontua Otto em seu relat\u00f3rio.<\/p>\n<p>Na justificativa, L\u00facia V\u00e2nia ainda menciona o impacto positivo que a medida pode ter na dinamiza\u00e7\u00e3o do com\u00e9rcio em munic\u00edpios mais pobres do interior do pa\u00eds, por meio da circula\u00e7\u00e3o destes recursos destinados \u00e0 educa\u00e7\u00e3o.<\/p>\n<p>O projeto \u00e9 terminativo e, caso aprovado, ir\u00e1 para a C\u00e2mara dos Deputados. Outras 10 propostas est\u00e3o na pauta da CAS para quarta-feira.<\/p>\n<p>Fonte: Ag\u00eancia Senado<\/p>\n","protected":false},"excerpt":{"rendered":"<p>Est\u00e1 na pauta da Comiss\u00e3o de Assuntos Sociais (CAS), em reuni\u00e3o prevista para a pr\u00f3xima quarta-feira, 28, a an\u00e1lise do parecer de Otto Alencar (PSD-BA) favor\u00e1vel ao projeto que concede aos benefici\u00e1rios do programa Bolsa Fam\u00edlia (PBF) o Cart\u00e3o Material Escolar (PLS 122\/2013). A proposta, de L\u00facia V\u00e2nia (PSB-GO), determina a transfer\u00eancia direta de recursos [&hellip;]<\/p>\n","protected":false},"author":96,"featured_media":92508,"comment_status":"closed","ping_status":"closed","sticky":false,"template":"","format":"standard","meta":{"footnotes":""},"categories":[254],"tags":[],"class_list":["post-92509","post","type-post","status-publish","format-standard","has-post-thumbnail","hentry","category-politica"],"_links":{"self":[{"href":"https:\/\/diarioregionaldigital.com.br\/index.php?rest_route=\/wp\/v2\/posts\/92509","targetHints":{"allow":["GET"]}}],"collection":[{"href":"https:\/\/diarioregionaldigital.com.br\/index.php?rest_route=\/wp\/v2\/posts"}],"about":[{"href":"https:\/\/diarioregionaldigital.com.br\/index.php?rest_route=\/wp\/v2\/types\/post"}],"author":[{"embeddable":true,"href":"https:\/\/diarioregionaldigital.com.br\/index.php?rest_route=\/wp\/v2\/users\/96"}],"replies":[{"embeddable":true,"href":"https:\/\/diarioregionaldigital.com.br\/index.php?rest_route=%2Fwp%2Fv2%2Fcomments&post=92509"}],"version-history":[{"count":0,"href":"https:\/\/diarioregionaldigital.com.br\/index.php?rest_route=\/wp\/v2\/posts\/92509\/revisions"}],"wp:featuredmedia":[{"embeddable":true,"href":"https:\/\/diarioregionaldigital.com.br\/index.php?rest_route=\/wp\/v2\/media\/92508"}],"wp:attachment":[{"href":"https:\/\/diarioregionaldigital.com.br\/index.php?rest_route=%2Fwp%2Fv2%2Fmedia&parent=92509"}],"wp:term":[{"taxonomy":"category","embeddable":true,"href":"https:\/\/diarioregionaldigital.com.br\/index.php?rest_route=%2Fwp%2Fv2%2Fcategories&post=92509"},{"taxonomy":"post_tag","embeddable":true,"href":"https:\/\/diarioregionaldigital.com.br\/index.php?rest_route=%2Fwp%2Fv2%2Ftags&post=92509"}],"curies":[{"name":"wp","href":"https:\/\/api.w.org\/{rel}","templated":true}]}}