{"id":92507,"date":"2018-02-23T18:51:02","date_gmt":"2018-02-23T21:51:02","guid":{"rendered":"http:\/\/diarioregionaljf.com.br\/2018\/02\/23\/in-moda-25-de-fevereiro\/"},"modified":"2018-02-23T18:51:02","modified_gmt":"2018-02-23T21:51:02","slug":"in-moda-25-de-fevereiro","status":"publish","type":"post","link":"https:\/\/diarioregionaldigital.com.br\/?p=92507","title":{"rendered":"In Moda &#8211; 25 de fevereiro de 2018"},"content":{"rendered":"<h4 style=\"text-align: center;\">FASHION NEWS<\/h4>\n<p>&nbsp;<\/p>\n<p><strong>OWME<\/strong><\/p>\n<p>A nova marca de cal\u00e7ados do grupo Arezzo \u00e9 voltada para o conforto, em modelos cl\u00e1ssicos como scarpins, botas, sapatilhas, mules e sand\u00e1lias. A nova linha ter\u00e1 loja pr\u00f3pria a partir de maio em SP.<\/p>\n<p>&nbsp;<\/p>\n<p><strong>NikeLab x Riccardo Tisci<\/strong><\/p>\n<p>A paix\u00e3o de Riccardo Tisci pelo esporte &#8211; em especial o basquete &#8211; foi inspira\u00e7\u00e3o para a cole\u00e7\u00e3o do estilista em parceria com a Nike. A cole\u00e7\u00e3o, que conta com camisetas, short, cal\u00e7as, vestidos entre outros modelos, al\u00e9m de dois modelos do ic\u00f4nico Air Force 1 repaginados, foi inspirada em um time de basquete imagin\u00e1rio e intitulada \u201cVictorious Minotaurs\u201d. As pe\u00e7as estar\u00e3o a venda a partir do dia 8 de mar\u00e7o, no site da Nike e na Cartel 011 em S\u00e3o Paulo.<\/p>\n<p><img loading=\"lazy\" decoding=\"async\" class=\" size-full wp-image-92498\" src=\"http:\/\/diarioregionaljf.com.br\/wp-content\/uploads\/2018\/02\/diario-int-24446-1.jpg\" alt=\"NIKELAB X RICCARDO TISCI.jpg\" width=\"527\" height=\"297\" style=\"display: block; margin-left: auto; margin-right: auto;\" srcset=\"https:\/\/diarioregionaldigital.com.br\/wp-content\/uploads\/2018\/02\/diario-int-24446-1.jpg 680w, https:\/\/diarioregionaldigital.com.br\/wp-content\/uploads\/2018\/02\/diario-int-24446-1-300x169.jpg 300w, https:\/\/diarioregionaldigital.com.br\/wp-content\/uploads\/2018\/02\/diario-int-24446-1-360x203.jpg 360w\" sizes=\"auto, (max-width: 527px) 100vw, 527px\" \/><\/p>\n<p>&nbsp;<\/p>\n<p><strong>SPFW<\/strong><\/p>\n<p>O pr\u00f3ximo S\u00e3o Paulo Fashion Week j\u00e1 tem data e inspira\u00e7\u00e3o!&nbsp;A pr\u00f3xima edi\u00e7\u00e3o da semana de moda ser\u00e1 realizada de 22 a 26 de abril, no Pavilh\u00e3o das Culturas Brasileiras, no Ibirapuera.<\/p>\n<p>A inspira\u00e7\u00e3o ser\u00e1 o estilista Conrado Segreto, celebrando o impacto e a Liberdade pr\u00f3prios da cria\u00e7\u00e3o.<\/p>\n<p>&nbsp;<\/p>\n<p><strong>LFW<\/strong><\/p>\n<p>Nos \u00faltimos dias aconteceu a Semana de Moda de Londres! O evento faz parte do top 5 mundial dos desfiles mais aguardados e vale a pena ficar de olho nas inspira\u00e7\u00f5es para a pr\u00f3xima esta\u00e7\u00e3o!<\/p>\n<p>&nbsp;<\/p>\n<p><strong>SIMONE ROCHA<\/strong><\/p>\n<p>Cores s\u00f3brias e tradicionais marcaram a cole\u00e7\u00e3o da irlandesa. Com pe\u00e7as super elegantes, vemos os la\u00e7os aparecendo em detalhes significativos, e o tradicional xadrez tartan n\u00e3o ficou de fora.<\/p>\n<p><img loading=\"lazy\" decoding=\"async\" class=\" size-full wp-image-92499\" src=\"http:\/\/diarioregionaljf.com.br\/wp-content\/uploads\/2018\/02\/diario-int-24446-2.jpg\" alt=\"SIMONE ROCHA.jpg\" style=\"display: block; margin-left: auto; margin-right: auto;\" width=\"300\" height=\"450\" srcset=\"https:\/\/diarioregionaldigital.com.br\/wp-content\/uploads\/2018\/02\/diario-int-24446-2.jpg 300w, https:\/\/diarioregionaldigital.com.br\/wp-content\/uploads\/2018\/02\/diario-int-24446-2-200x300.jpg 200w\" sizes=\"auto, (max-width: 300px) 100vw, 300px\" \/><\/p>\n<p>&nbsp;<\/p>\n<p><strong>MARGIELA<\/strong><\/p>\n<p>Se depender da Maison Margiela o metalizado volta para nosso dia a dia. Com casacos oversize, botas e sobreposi\u00e7\u00f5es incr\u00edveis, a grife apresentou um universo g\u00e9lido e futurista, com inspira\u00e7\u00f5es perfeitas para looks noturnos.<\/p>\n<p style=\"text-align: center;\"><img loading=\"lazy\" decoding=\"async\" class=\" size-full wp-image-92500\" src=\"http:\/\/diarioregionaljf.com.br\/wp-content\/uploads\/2018\/02\/diario-int-24446-3.jpg\" alt=\"MARGIELA.jpg\" width=\"300\" height=\"450\" srcset=\"https:\/\/diarioregionaldigital.com.br\/wp-content\/uploads\/2018\/02\/diario-int-24446-3.jpg 300w, https:\/\/diarioregionaldigital.com.br\/wp-content\/uploads\/2018\/02\/diario-int-24446-3-200x300.jpg 200w\" sizes=\"auto, (max-width: 300px) 100vw, 300px\" \/><\/p>\n<p>&nbsp;<\/p>\n<p><strong>BURBERRY<\/strong><\/p>\n<p>Com Cara Delevingne no casting, Christopher Bailey se despede da Burberry com uma cole\u00e7\u00e3o colorida em homenagem ao p\u00fablico LGBT! Os trench coats, ponchos e&nbsp;parkas j\u00e1 esperados na marca n\u00e3o decepcionaram, mesmo em formas desconstru\u00eddas.&nbsp;<\/p>\n<p><img loading=\"lazy\" decoding=\"async\" class=\" size-full wp-image-92501\" src=\"http:\/\/diarioregionaljf.com.br\/wp-content\/uploads\/2018\/02\/diario-int-24446-4.jpg\" alt=\"BURBERRY.jpg\" style=\"display: block; margin-left: auto; margin-right: auto;\" width=\"299\" height=\"450\" srcset=\"https:\/\/diarioregionaldigital.com.br\/wp-content\/uploads\/2018\/02\/diario-int-24446-4.jpg 299w, https:\/\/diarioregionaldigital.com.br\/wp-content\/uploads\/2018\/02\/diario-int-24446-4-199x300.jpg 199w\" sizes=\"auto, (max-width: 299px) 100vw, 299px\" \/><\/p>\n<p>&nbsp;<\/p>\n<p><strong>MOLLY GODDARD<\/strong><\/p>\n<p>Varia\u00e7\u00f5es do xadrez vichy coloriram a passarela dessa grife, e mesmo com o boom desse padr\u00e3o no \u00faltimo ver\u00e3o, ele promete ficar. O grande destaque da cole\u00e7\u00e3o vai para as transpar\u00eancias e volumes exagerados nas produ\u00e7\u00f5es.<\/p>\n<p style=\"text-align: center;\"><img loading=\"lazy\" decoding=\"async\" class=\" size-full wp-image-92502\" src=\"http:\/\/diarioregionaljf.com.br\/wp-content\/uploads\/2018\/02\/diario-int-24446-5.jpg\" alt=\"MOLLY GODDARD.jpg\" width=\"300\" height=\"450\" srcset=\"https:\/\/diarioregionaldigital.com.br\/wp-content\/uploads\/2018\/02\/diario-int-24446-5.jpg 300w, https:\/\/diarioregionaldigital.com.br\/wp-content\/uploads\/2018\/02\/diario-int-24446-5-200x300.jpg 200w\" sizes=\"auto, (max-width: 300px) 100vw, 300px\" \/><\/p>\n<p>&nbsp;<\/p>\n<p><strong>A REALEZA<\/strong><\/p>\n<p>Pela primeira vez a Rainha Elizabeth deu o ar da gra\u00e7a na semana de moda londrina! Ao lado da ic\u00f4nica Anna Wintour, editora-chefe da Vogue Americana, a presen\u00e7a real surpreendeu a todos, principalmente a Richard Quinn, de quem assistiu ao desfile. A rainha estava l\u00e1 para a inaugura\u00e7\u00e3o da premia\u00e7\u00e3o&nbsp;Queen Elizabeth II Award for British Design, e o primeiro prestigiado foi justamente Quinn!<\/p>\n<p><img loading=\"lazy\" decoding=\"async\" class=\" size-full wp-image-92503\" src=\"http:\/\/diarioregionaljf.com.br\/wp-content\/uploads\/2018\/02\/diario-int-24446-6.jpg\" alt=\"A REALEZA.jpg\" width=\"471\" height=\"371\" style=\"display: block; margin-left: auto; margin-right: auto;\" srcset=\"https:\/\/diarioregionaldigital.com.br\/wp-content\/uploads\/2018\/02\/diario-int-24446-6.jpg 550w, https:\/\/diarioregionaldigital.com.br\/wp-content\/uploads\/2018\/02\/diario-int-24446-6-300x236.jpg 300w, https:\/\/diarioregionaldigital.com.br\/wp-content\/uploads\/2018\/02\/diario-int-24446-6-360x283.jpg 360w\" sizes=\"auto, (max-width: 471px) 100vw, 471px\" \/><\/p>\n<p>&nbsp;<\/p>\n<h4 style=\"text-align: center;\">HOR\u00d3SCOPO FASHION<\/h4>\n<p>&nbsp;<\/p>\n<p><strong>Peixes<\/strong><\/p>\n<p>As piscianas s\u00e3o sonhadoras e relax, pe\u00e7as confort\u00e1veis, leves e fluidas s\u00e3o suas principais escolhas! A maquiagem tamb\u00e9m segue a linha fresh, sem complica\u00e7\u00e3o, evidenciando ainda mais o estilo relax do signo. Regidas por Netuno e ligadas a elementos naturais, cores como azul, verde, branco e tons terrosos n\u00e3o faltam no guarda-roupa das nativas do signo de peixes, trazendo a refer\u00eancia da natureza e do mar, tamb\u00e9m para os looks do dia a dia.<\/p>\n<p style=\"text-align: center;\"><img loading=\"lazy\" decoding=\"async\" class=\" size-full wp-image-92504\" src=\"http:\/\/diarioregionaljf.com.br\/wp-content\/uploads\/2018\/02\/diario-int-24446-7.jpg\" alt=\"HOR\u00d3SCOPO FASHION.jpg\" width=\"175\" height=\"450\" srcset=\"https:\/\/diarioregionaldigital.com.br\/wp-content\/uploads\/2018\/02\/diario-int-24446-7.jpg 175w, https:\/\/diarioregionaldigital.com.br\/wp-content\/uploads\/2018\/02\/diario-int-24446-7-117x300.jpg 117w\" sizes=\"auto, (max-width: 175px) 100vw, 175px\" \/><\/p>\n<p>&nbsp;<\/p>\n<h4 style=\"text-align: center;\">RADAR JF<\/h4>\n<p>&nbsp;<\/p>\n<p><strong>#LAN\u00c7AMENTO<\/strong> &#8211;&nbsp;Lilian Feyo recebeu em grande estilo para o lan\u00e7amento da cole\u00e7\u00e3o de outono da Twenty Four Seven. Com um jantar de lugares marcados, orquestrado por Celinho Vidal com a sua V\u00f3 Chiquitita, as convidadas puderam conferir as bel\u00edssimas pe\u00e7as cl\u00e1ssicas e eternas da cole\u00e7\u00e3o Army N\u2019 Love.<\/p>\n<p><img loading=\"lazy\" decoding=\"async\" class=\" size-full wp-image-92505\" src=\"http:\/\/diarioregionaljf.com.br\/wp-content\/uploads\/2018\/02\/diario-int-24446-8.jpg\" alt=\"radarlan\u00e7amento.jpg\" style=\"display: block; margin-left: auto; margin-right: auto;\" width=\"287\" height=\"450\" srcset=\"https:\/\/diarioregionaldigital.com.br\/wp-content\/uploads\/2018\/02\/diario-int-24446-8.jpg 287w, https:\/\/diarioregionaldigital.com.br\/wp-content\/uploads\/2018\/02\/diario-int-24446-8-191x300.jpg 191w\" sizes=\"auto, (max-width: 287px) 100vw, 287px\" \/><\/p>\n<p>&nbsp;<\/p>\n<p><strong>#MODELANDO<\/strong> &#8211;&nbsp;A modelo juizforana Isadora Ribeiro \u00e9 a estrela da cole\u00e7\u00e3o de bijuterias da designer Manuela Henriques \u201cAntes que tudo desapare\u00e7a\u201d, inspirada na obra do fil\u00f3sofo franc\u00eas Gille Lypovetsky.<\/p>\n<p><img loading=\"lazy\" decoding=\"async\" class=\" size-full wp-image-92506\" src=\"http:\/\/diarioregionaljf.com.br\/wp-content\/uploads\/2018\/02\/diario-int-24446-9.jpg\" alt=\"radarjfmodelando.jpg\" style=\"display: block; margin-left: auto; margin-right: auto;\" width=\"365\" height=\"450\" srcset=\"https:\/\/diarioregionaldigital.com.br\/wp-content\/uploads\/2018\/02\/diario-int-24446-9.jpg 365w, https:\/\/diarioregionaldigital.com.br\/wp-content\/uploads\/2018\/02\/diario-int-24446-9-243x300.jpg 243w, https:\/\/diarioregionaldigital.com.br\/wp-content\/uploads\/2018\/02\/diario-int-24446-9-360x444.jpg 360w\" sizes=\"auto, (max-width: 365px) 100vw, 365px\" \/><\/p>\n<p>&nbsp;<\/p>\n<h4 style=\"text-align: center;\">P\u00cdLULAS DE ESTILO<\/h4>\n<p style=\"text-align: center;\">&nbsp;<\/p>\n<p style=\"text-align: center;\">\u201cTudo que se pode imaginar \u00e9 real\u201c &#8211; Pablo Picasso<\/p>\n<p style=\"text-align: center;\">\u201cPara ser insubstitu\u00edvel, sempre se deve ser diferente&#8221; &#8211; Coco Chanel<\/p>\n<p style=\"text-align: center;\">\u201cQuem n\u00e3o quer imitar nada, n\u00e3o produz nada\u201d &#8211; Salvador Dali<\/p>\n<p style=\"text-align: center;\">\u201cN\u00e3o \u00e9 o dinheiro que faz a pessoa ser bem vestida , \u00e9 o discernimento\u201d &#8211; Christian Dior<\/p>\n<p>&nbsp;<\/p>\n<p><strong>COLABORADORAS MARIANA MATOS E&nbsp;DEUSIANE DUARTE<\/strong><\/p>\n","protected":false},"excerpt":{"rendered":"<p>FASHION NEWS &nbsp; OWME A nova marca de cal\u00e7ados do grupo Arezzo \u00e9 voltada para o conforto, em modelos cl\u00e1ssicos como scarpins, botas, sapatilhas, mules e sand\u00e1lias. A nova linha ter\u00e1 loja pr\u00f3pria a partir de maio em SP. &nbsp; NikeLab x Riccardo Tisci A paix\u00e3o de Riccardo Tisci pelo esporte &#8211; em especial o [&hellip;]<\/p>\n","protected":false},"author":96,"featured_media":92497,"comment_status":"closed","ping_status":"closed","sticky":false,"template":"","format":"standard","meta":{"footnotes":""},"categories":[285],"tags":[],"class_list":["post-92507","post","type-post","status-publish","format-standard","has-post-thumbnail","hentry","category-moda-ana-paula-calixto"],"_links":{"self":[{"href":"https:\/\/diarioregionaldigital.com.br\/index.php?rest_route=\/wp\/v2\/posts\/92507","targetHints":{"allow":["GET"]}}],"collection":[{"href":"https:\/\/diarioregionaldigital.com.br\/index.php?rest_route=\/wp\/v2\/posts"}],"about":[{"href":"https:\/\/diarioregionaldigital.com.br\/index.php?rest_route=\/wp\/v2\/types\/post"}],"author":[{"embeddable":true,"href":"https:\/\/diarioregionaldigital.com.br\/index.php?rest_route=\/wp\/v2\/users\/96"}],"replies":[{"embeddable":true,"href":"https:\/\/diarioregionaldigital.com.br\/index.php?rest_route=%2Fwp%2Fv2%2Fcomments&post=92507"}],"version-history":[{"count":0,"href":"https:\/\/diarioregionaldigital.com.br\/index.php?rest_route=\/wp\/v2\/posts\/92507\/revisions"}],"wp:featuredmedia":[{"embeddable":true,"href":"https:\/\/diarioregionaldigital.com.br\/index.php?rest_route=\/wp\/v2\/media\/92497"}],"wp:attachment":[{"href":"https:\/\/diarioregionaldigital.com.br\/index.php?rest_route=%2Fwp%2Fv2%2Fmedia&parent=92507"}],"wp:term":[{"taxonomy":"category","embeddable":true,"href":"https:\/\/diarioregionaldigital.com.br\/index.php?rest_route=%2Fwp%2Fv2%2Fcategories&post=92507"},{"taxonomy":"post_tag","embeddable":true,"href":"https:\/\/diarioregionaldigital.com.br\/index.php?rest_route=%2Fwp%2Fv2%2Ftags&post=92507"}],"curies":[{"name":"wp","href":"https:\/\/api.w.org\/{rel}","templated":true}]}}