{"id":92496,"date":"2018-02-23T18:46:27","date_gmt":"2018-02-23T21:46:27","guid":{"rendered":"http:\/\/diarioregionaljf.com.br\/2018\/02\/23\/proposta-tipifica-crime-de-espancamento\/"},"modified":"2018-02-23T18:46:27","modified_gmt":"2018-02-23T21:46:27","slug":"proposta-tipifica-crime-de-espancamento","status":"publish","type":"post","link":"https:\/\/diarioregionaldigital.com.br\/?p=92496","title":{"rendered":"Proposta tipifica crime de espancamento"},"content":{"rendered":"<p>Tramita na C\u00e2mara dos Deputados o Projeto de Lei 8529\/17, do deputado Jos\u00e9 Mentor (PT-SP), que tipifica o crime de espancamento, com pena de 5 meses a 1 ano e 8 meses de deten\u00e7\u00e3o. Esse total corresponde a um aumento de 2\/3 da pena de les\u00e3o corporal, j\u00e1 prevista no C\u00f3digo Penal (Decreto-Lei 2.848\/40).<\/p>\n<p>Segundo o projeto, o crime se caracteriza por mais de uma les\u00e3o corporal, seja leve, grave ou grav\u00edssima.<\/p>\n<p>De acordo com Jos\u00e9 Mentor, o C\u00f3digo Penal atualmente n\u00e3o penaliza mais de uma ou conjunto de les\u00f5es provocadas simultaneamente que pioram o quadro cl\u00ednico da v\u00edtima. \u201cS\u00e3o agress\u00f5es violentas e invariavelmente discriminat\u00f3rias, com muita carga emocional, \u00f3dio ou at\u00e9 mesmo f\u00faria desmedida que causam m\u00faltiplos ferimentos\u201d, afirma o deputado.<\/p>\n<h4>&nbsp;<\/h4>\n<h4>TRAMITA\u00c7\u00c3O<\/h4>\n<p>A proposta ser\u00e1 analisada pela Comiss\u00e3o de Constitui\u00e7\u00e3o e Justi\u00e7a e de Cidadania (CCJ) antes de seguir para o Plen\u00e1rio.<\/p>\n<p>Fonte: Ag\u00eancia C\u00e2mara Not\u00edcias<\/p>\n","protected":false},"excerpt":{"rendered":"<p>Tramita na C\u00e2mara dos Deputados o Projeto de Lei 8529\/17, do deputado Jos\u00e9 Mentor (PT-SP), que tipifica o crime de espancamento, com pena de 5 meses a 1 ano e 8 meses de deten\u00e7\u00e3o. Esse total corresponde a um aumento de 2\/3 da pena de les\u00e3o corporal, j\u00e1 prevista no C\u00f3digo Penal (Decreto-Lei 2.848\/40). Segundo [&hellip;]<\/p>\n","protected":false},"author":96,"featured_media":92495,"comment_status":"closed","ping_status":"closed","sticky":false,"template":"","format":"standard","meta":{"footnotes":""},"categories":[254],"tags":[],"class_list":["post-92496","post","type-post","status-publish","format-standard","has-post-thumbnail","hentry","category-politica"],"_links":{"self":[{"href":"https:\/\/diarioregionaldigital.com.br\/index.php?rest_route=\/wp\/v2\/posts\/92496","targetHints":{"allow":["GET"]}}],"collection":[{"href":"https:\/\/diarioregionaldigital.com.br\/index.php?rest_route=\/wp\/v2\/posts"}],"about":[{"href":"https:\/\/diarioregionaldigital.com.br\/index.php?rest_route=\/wp\/v2\/types\/post"}],"author":[{"embeddable":true,"href":"https:\/\/diarioregionaldigital.com.br\/index.php?rest_route=\/wp\/v2\/users\/96"}],"replies":[{"embeddable":true,"href":"https:\/\/diarioregionaldigital.com.br\/index.php?rest_route=%2Fwp%2Fv2%2Fcomments&post=92496"}],"version-history":[{"count":0,"href":"https:\/\/diarioregionaldigital.com.br\/index.php?rest_route=\/wp\/v2\/posts\/92496\/revisions"}],"wp:featuredmedia":[{"embeddable":true,"href":"https:\/\/diarioregionaldigital.com.br\/index.php?rest_route=\/wp\/v2\/media\/92495"}],"wp:attachment":[{"href":"https:\/\/diarioregionaldigital.com.br\/index.php?rest_route=%2Fwp%2Fv2%2Fmedia&parent=92496"}],"wp:term":[{"taxonomy":"category","embeddable":true,"href":"https:\/\/diarioregionaldigital.com.br\/index.php?rest_route=%2Fwp%2Fv2%2Fcategories&post=92496"},{"taxonomy":"post_tag","embeddable":true,"href":"https:\/\/diarioregionaldigital.com.br\/index.php?rest_route=%2Fwp%2Fv2%2Ftags&post=92496"}],"curies":[{"name":"wp","href":"https:\/\/api.w.org\/{rel}","templated":true}]}}