{"id":92491,"date":"2018-02-23T18:32:30","date_gmt":"2018-02-23T21:32:30","guid":{"rendered":"http:\/\/diarioregionaljf.com.br\/2018\/02\/23\/decreto-anula-nomeacao-de-cristiane-brasil-para-o-ministerio-do-trabalho\/"},"modified":"2018-02-23T18:32:30","modified_gmt":"2018-02-23T21:32:30","slug":"decreto-anula-nomeacao-de-cristiane-brasil-para-o-ministerio-do-trabalho","status":"publish","type":"post","link":"https:\/\/diarioregionaldigital.com.br\/?p=92491","title":{"rendered":"Decreto anula nomea\u00e7\u00e3o de Cristiane Brasil para o Minist\u00e9rio do Trabalho"},"content":{"rendered":"<p>O governo publicou na edi\u00e7\u00e3o dessa sexta-feira, 23, do Di\u00e1rio Oficial da Uni\u00e3o decreto que torna sem efeito a nomea\u00e7\u00e3o da deputada Cristiane Brasil (PTB-RJ) para o cargo de ministra do Trabalho. A nomea\u00e7\u00e3o da deputada havia sido publicada no Di\u00e1rio Oficial do dia 3 de janeiro, mas decis\u00f5es judiciais a impediram de tomar posse.<\/p>\n<p>O nome de Cristiane Brasil foi escolhido para a pasta em reuni\u00e3o do presidente do PTB, Roberto Jefferson, pai da deputada, com o presidente Michel Temer. Ap\u00f3s uma disputa judicial em torno da posse de Cristiane, a deputada e l\u00edderes do PTB foram recebidos por Temer na \u00faltima quarta-feira, 21, e combinaram com o presidente que o partido vai indicar outro nome para a pasta.<\/p>\n<p>Ap\u00f3s a nomea\u00e7\u00e3o, no in\u00edcio de janeiro, Cristiane Brasil foi impedida de tomar posse por for\u00e7a de uma decis\u00e3o liminar do juiz Leonardo da Costa Couceiro, da 4\u00aa Vara Federal de Niter\u00f3i (RJ).<\/p>\n<p>Couceiro acolheu os argumentos de tr\u00eas advogados que, em a\u00e7\u00e3o popular, questionaram se a deputada estaria moralmente apta a assumir o cargo por ter sido revelado pela imprensa que ela foi condenada pela Justi\u00e7a do Trabalho a pagar mais de R$60 mil a um ex-motorista, em decorr\u00eancia de irregularidades trabalhistas.<\/p>\n<p>Em seguida, a suspens\u00e3o da posse foi confirmada por decis\u00f5es da segunda inst\u00e2ncia da Justi\u00e7a Federal no Rio de Janeiro e pela presidente do Supremo Tribunal Federal (STF), ministra C\u00e1rmen L\u00facia. Na semana passada, C\u00e1rmem L\u00facia definiu que caberia \u00e0 Corte decidir sobre a posse de Cristiane Brasil no Minist\u00e9rio do Trabalho.<\/p>\n<p>Fonte: Ag\u00eancia Brasil<\/p>\n","protected":false},"excerpt":{"rendered":"<p>O governo publicou na edi\u00e7\u00e3o dessa sexta-feira, 23, do Di\u00e1rio Oficial da Uni\u00e3o decreto que torna sem efeito a nomea\u00e7\u00e3o da deputada Cristiane Brasil (PTB-RJ) para o cargo de ministra do Trabalho. A nomea\u00e7\u00e3o da deputada havia sido publicada no Di\u00e1rio Oficial do dia 3 de janeiro, mas decis\u00f5es judiciais a impediram de tomar posse. [&hellip;]<\/p>\n","protected":false},"author":96,"featured_media":92490,"comment_status":"closed","ping_status":"closed","sticky":false,"template":"","format":"standard","meta":{"footnotes":""},"categories":[254],"tags":[],"class_list":["post-92491","post","type-post","status-publish","format-standard","has-post-thumbnail","hentry","category-politica"],"_links":{"self":[{"href":"https:\/\/diarioregionaldigital.com.br\/index.php?rest_route=\/wp\/v2\/posts\/92491","targetHints":{"allow":["GET"]}}],"collection":[{"href":"https:\/\/diarioregionaldigital.com.br\/index.php?rest_route=\/wp\/v2\/posts"}],"about":[{"href":"https:\/\/diarioregionaldigital.com.br\/index.php?rest_route=\/wp\/v2\/types\/post"}],"author":[{"embeddable":true,"href":"https:\/\/diarioregionaldigital.com.br\/index.php?rest_route=\/wp\/v2\/users\/96"}],"replies":[{"embeddable":true,"href":"https:\/\/diarioregionaldigital.com.br\/index.php?rest_route=%2Fwp%2Fv2%2Fcomments&post=92491"}],"version-history":[{"count":0,"href":"https:\/\/diarioregionaldigital.com.br\/index.php?rest_route=\/wp\/v2\/posts\/92491\/revisions"}],"wp:featuredmedia":[{"embeddable":true,"href":"https:\/\/diarioregionaldigital.com.br\/index.php?rest_route=\/wp\/v2\/media\/92490"}],"wp:attachment":[{"href":"https:\/\/diarioregionaldigital.com.br\/index.php?rest_route=%2Fwp%2Fv2%2Fmedia&parent=92491"}],"wp:term":[{"taxonomy":"category","embeddable":true,"href":"https:\/\/diarioregionaldigital.com.br\/index.php?rest_route=%2Fwp%2Fv2%2Fcategories&post=92491"},{"taxonomy":"post_tag","embeddable":true,"href":"https:\/\/diarioregionaldigital.com.br\/index.php?rest_route=%2Fwp%2Fv2%2Ftags&post=92491"}],"curies":[{"name":"wp","href":"https:\/\/api.w.org\/{rel}","templated":true}]}}