{"id":92489,"date":"2018-02-23T18:26:16","date_gmt":"2018-02-23T21:26:16","guid":{"rendered":"http:\/\/diarioregionaljf.com.br\/2018\/02\/23\/oea-condena-convocacao-de-eleicoes-na-venezuela\/"},"modified":"2018-02-23T18:26:16","modified_gmt":"2018-02-23T21:26:16","slug":"oea-condena-convocacao-de-eleicoes-na-venezuela","status":"publish","type":"post","link":"https:\/\/diarioregionaldigital.com.br\/?p=92489","title":{"rendered":"OEA condena convoca\u00e7\u00e3o de elei\u00e7\u00f5es na Venezuela"},"content":{"rendered":"<p>O Conselho Permanente da Organiza\u00e7\u00e3o dos Estados Americanos (OEA) condenou nessa sexta-feira, 23, a convoca\u00e7\u00e3o de elei\u00e7\u00f5es presidenciais na Venezuela pelo governo de Nicol\u00e1s Maduro. Dezenove pa\u00edses votaram a favor da resolu\u00e7\u00e3o, cinco foram contr\u00e1rios e houve oito absten\u00e7\u00f5es. A reuni\u00e3o foi convocada por Argentina, Brasil, Estados Unidos, M\u00e9xico, Panam\u00e1 e Santa L\u00facia.<\/p>\n<p>O texto aprovado afirma que a convoca\u00e7\u00e3o de elei\u00e7\u00f5es presidenciais pelo governo da Venezuela para o dia 22 de abril deste ano \u201cimpede a realiza\u00e7\u00e3o de elei\u00e7\u00f5es democr\u00e1ticas, transparentes e confi\u00e1veis de acordo com os padr\u00f5es internacionais e contradiz os princ\u00edpios democr\u00e1ticos e a boa f\u00e9\u201d. A resolu\u00e7\u00e3o diz que um processo eleitoral \u201clivre e justo\u201d \u00e9 essencial para resolver a atual crise pela qual o pa\u00eds passa \u201cde maneira democr\u00e1tica e pac\u00edfica\u201d.<\/p>\n<p>O presidente da Venezuela, Nicol\u00e1s Maduro, anunciou que iria adiantar a realiza\u00e7\u00e3o de elei\u00e7\u00f5es presidenciais que deveriam ocorrer no final do ano para o dia 22 de abril. A antecipa\u00e7\u00e3o favoreceria o atual governo, por reduzir o tempo da oposi\u00e7\u00e3o para se organizar e fazer campanha. A oposi\u00e7\u00e3o declarou que vai boicotar as elei\u00e7\u00f5es. Maduro tamb\u00e9m anunciou na quarta-feira, 21, que vai adiantar as elei\u00e7\u00f5es legislativas que deveriam acontecer em 2020 para a mesma data de 22 de abril.<\/p>\n<p>A OEA tamb\u00e9m pede para que o governo da Venezuela reconsidere as \u201cprematuras convoca\u00e7\u00f5es de elei\u00e7\u00f5es presidenciais\u201d e apresente um novo calend\u00e1rio eleitoral que permita que as elei\u00e7\u00f5es sejam realizadas com as garantias necess\u00e1rias para um \u201cprocesso livre, justo, transparente, leg\u00edtimo e confi\u00e1vel\u201d. Segundo a resolu\u00e7\u00e3o, esse processo deve incluir a participa\u00e7\u00e3o de todos os partidos pol\u00edticos e atores venezuelanos sem qualquer tipo de exclus\u00e3o, al\u00e9m de observadores internacionais independentes e liberdade de imprensa.<\/p>\n<p>O texto da resolu\u00e7\u00e3o tamb\u00e9m pede que o governo da Venezuela implemente medidas para impedir o agravamento da situa\u00e7\u00e3o humanit\u00e1ria no pa\u00eds, incluindo aceitar a assist\u00eancia oferecida pela comunidade internacional.<\/p>\n<h4>&nbsp;<\/h4>\n<h4>POSI\u00c7\u00c3O DO BRASIL<\/h4>\n<p>Durante a sess\u00e3o, o chefe da miss\u00e3o do Brasil junto \u00e0 OEA, embaixador Jos\u00e9 Luiz Machado e Costa, disse que a situa\u00e7\u00e3o da Venezuela \u201cse deteriorou a olhos vistos nos \u00faltimos meses\u201d e que \u201ca solu\u00e7\u00e3o para os problemas venezuelanos est\u00e1 nas m\u00e3os do povo venezuelano\u201d.<\/p>\n<p>O embaixador afirmou que as elei\u00e7\u00f5es \u201cn\u00e3o re\u00fanem as condi\u00e7\u00f5es para expressar a vontade do povo venezuelano e, desse modo, encaminhar a solu\u00e7\u00e3o da crise\u201d. O embaixador tamb\u00e9m expressou a preocupa\u00e7\u00e3o do governo brasileiro quanto ao \u201cgrande afluxo de nacionais venezuelanos que buscam abrigo em nosso territ\u00f3rio\u201d.<\/p>\n<p>Fonte: Ag\u00eancia Brasil<\/p>\n","protected":false},"excerpt":{"rendered":"<p>O Conselho Permanente da Organiza\u00e7\u00e3o dos Estados Americanos (OEA) condenou nessa sexta-feira, 23, a convoca\u00e7\u00e3o de elei\u00e7\u00f5es presidenciais na Venezuela pelo governo de Nicol\u00e1s Maduro. Dezenove pa\u00edses votaram a favor da resolu\u00e7\u00e3o, cinco foram contr\u00e1rios e houve oito absten\u00e7\u00f5es. A reuni\u00e3o foi convocada por Argentina, Brasil, Estados Unidos, M\u00e9xico, Panam\u00e1 e Santa L\u00facia. O texto [&hellip;]<\/p>\n","protected":false},"author":96,"featured_media":92488,"comment_status":"closed","ping_status":"closed","sticky":false,"template":"","format":"standard","meta":{"footnotes":""},"categories":[302],"tags":[],"class_list":["post-92489","post","type-post","status-publish","format-standard","has-post-thumbnail","hentry","category-brasil-mundo"],"_links":{"self":[{"href":"https:\/\/diarioregionaldigital.com.br\/index.php?rest_route=\/wp\/v2\/posts\/92489","targetHints":{"allow":["GET"]}}],"collection":[{"href":"https:\/\/diarioregionaldigital.com.br\/index.php?rest_route=\/wp\/v2\/posts"}],"about":[{"href":"https:\/\/diarioregionaldigital.com.br\/index.php?rest_route=\/wp\/v2\/types\/post"}],"author":[{"embeddable":true,"href":"https:\/\/diarioregionaldigital.com.br\/index.php?rest_route=\/wp\/v2\/users\/96"}],"replies":[{"embeddable":true,"href":"https:\/\/diarioregionaldigital.com.br\/index.php?rest_route=%2Fwp%2Fv2%2Fcomments&post=92489"}],"version-history":[{"count":0,"href":"https:\/\/diarioregionaldigital.com.br\/index.php?rest_route=\/wp\/v2\/posts\/92489\/revisions"}],"wp:featuredmedia":[{"embeddable":true,"href":"https:\/\/diarioregionaldigital.com.br\/index.php?rest_route=\/wp\/v2\/media\/92488"}],"wp:attachment":[{"href":"https:\/\/diarioregionaldigital.com.br\/index.php?rest_route=%2Fwp%2Fv2%2Fmedia&parent=92489"}],"wp:term":[{"taxonomy":"category","embeddable":true,"href":"https:\/\/diarioregionaldigital.com.br\/index.php?rest_route=%2Fwp%2Fv2%2Fcategories&post=92489"},{"taxonomy":"post_tag","embeddable":true,"href":"https:\/\/diarioregionaldigital.com.br\/index.php?rest_route=%2Fwp%2Fv2%2Ftags&post=92489"}],"curies":[{"name":"wp","href":"https:\/\/api.w.org\/{rel}","templated":true}]}}