{"id":92485,"date":"2018-02-23T18:00:34","date_gmt":"2018-02-23T21:00:34","guid":{"rendered":"http:\/\/diarioregionaljf.com.br\/2018\/02\/23\/convocado-na-1-chamada-do-prouni-tem-ate-hoje-para-comprovar-informacoes\/"},"modified":"2018-02-23T18:00:34","modified_gmt":"2018-02-23T21:00:34","slug":"convocado-na-1-chamada-do-prouni-tem-ate-hoje-para-comprovar-informacoes","status":"publish","type":"post","link":"https:\/\/diarioregionaldigital.com.br\/?p=92485","title":{"rendered":"Convocado na 1\u00aa chamada do ProUni tem at\u00e9 hoje para comprovar informa\u00e7\u00f5es"},"content":{"rendered":"<p>Termina hoje, 23, o prazo para os candidatos pr\u00e9-selecionados na primeira chamada do Programa Universidade para Todos (Prouni) comparecerem \u00e0s institui\u00e7\u00f5es de ensino e entregar os documentos que comprovem as informa\u00e7\u00f5es prestadas no momento da inscri\u00e7\u00e3o. Quem perder o prazo ou n\u00e3o comprovar as informa\u00e7\u00f5es \u00e9 desclassificado.<\/p>\n<p>O candidato deve verificar na institui\u00e7\u00e3o os hor\u00e1rios e o local onde deve comparecer. Na p\u00e1gina do ProUni, na internet, est\u00e3o relacionados os documentos a serem entregues, entre eles documentos pessoais e comprovantes de rendimento, de resid\u00eancia e de conclus\u00e3o do ensino m\u00e9dio.<\/p>\n<p>O resultado da segunda chamada ser\u00e1 divulgado no dia 2 de mar\u00e7o e a comprova\u00e7\u00e3o de informa\u00e7\u00f5es dever\u00e1 ser feita entre os dias 2 e 9 de mar\u00e7o. O estudante que n\u00e3o for pr\u00e9-selecionado em nenhuma das duas chamadas pode aderir \u00e0 lista de espera no per\u00edodo de 16 a 19 de mar\u00e7o.<\/p>\n<p>O ProUni oferece bolsas de estudo integrais e parciais (50%) em cursos de gradua\u00e7\u00e3o de institui\u00e7\u00f5es privadas de educa\u00e7\u00e3o superior. Nesta edi\u00e7\u00e3o, foram ofertadas aproximadamente 243 mil bolsas. Dessas, 113.863 s\u00e3o integrais e 129.124, parciais. As integrais se destinam aos estudantes com renda per capita de at\u00e9 1,5 sal\u00e1rios m\u00ednimos. J\u00e1 as bolsas parciais contemplaram os candidatos que t\u00eam renda familiar per capita de at\u00e9 tr\u00eas sal\u00e1rios m\u00ednimos.<\/p>\n<p>Fonte: Ag\u00eancia Brasil<\/p>\n","protected":false},"excerpt":{"rendered":"<p>Termina hoje, 23, o prazo para os candidatos pr\u00e9-selecionados na primeira chamada do Programa Universidade para Todos (Prouni) comparecerem \u00e0s institui\u00e7\u00f5es de ensino e entregar os documentos que comprovem as informa\u00e7\u00f5es prestadas no momento da inscri\u00e7\u00e3o. Quem perder o prazo ou n\u00e3o comprovar as informa\u00e7\u00f5es \u00e9 desclassificado. O candidato deve verificar na institui\u00e7\u00e3o os hor\u00e1rios [&hellip;]<\/p>\n","protected":false},"author":96,"featured_media":92484,"comment_status":"closed","ping_status":"closed","sticky":false,"template":"","format":"standard","meta":{"footnotes":""},"categories":[302],"tags":[],"class_list":["post-92485","post","type-post","status-publish","format-standard","has-post-thumbnail","hentry","category-brasil-mundo"],"_links":{"self":[{"href":"https:\/\/diarioregionaldigital.com.br\/index.php?rest_route=\/wp\/v2\/posts\/92485","targetHints":{"allow":["GET"]}}],"collection":[{"href":"https:\/\/diarioregionaldigital.com.br\/index.php?rest_route=\/wp\/v2\/posts"}],"about":[{"href":"https:\/\/diarioregionaldigital.com.br\/index.php?rest_route=\/wp\/v2\/types\/post"}],"author":[{"embeddable":true,"href":"https:\/\/diarioregionaldigital.com.br\/index.php?rest_route=\/wp\/v2\/users\/96"}],"replies":[{"embeddable":true,"href":"https:\/\/diarioregionaldigital.com.br\/index.php?rest_route=%2Fwp%2Fv2%2Fcomments&post=92485"}],"version-history":[{"count":0,"href":"https:\/\/diarioregionaldigital.com.br\/index.php?rest_route=\/wp\/v2\/posts\/92485\/revisions"}],"wp:featuredmedia":[{"embeddable":true,"href":"https:\/\/diarioregionaldigital.com.br\/index.php?rest_route=\/wp\/v2\/media\/92484"}],"wp:attachment":[{"href":"https:\/\/diarioregionaldigital.com.br\/index.php?rest_route=%2Fwp%2Fv2%2Fmedia&parent=92485"}],"wp:term":[{"taxonomy":"category","embeddable":true,"href":"https:\/\/diarioregionaldigital.com.br\/index.php?rest_route=%2Fwp%2Fv2%2Fcategories&post=92485"},{"taxonomy":"post_tag","embeddable":true,"href":"https:\/\/diarioregionaldigital.com.br\/index.php?rest_route=%2Fwp%2Fv2%2Ftags&post=92485"}],"curies":[{"name":"wp","href":"https:\/\/api.w.org\/{rel}","templated":true}]}}