{"id":92483,"date":"2018-02-23T17:56:49","date_gmt":"2018-02-23T20:56:49","guid":{"rendered":"http:\/\/diarioregionaljf.com.br\/2018\/02\/23\/justica-mantem-prisao-domiciliar-do-ex-medico-roger-abdelmassih\/"},"modified":"2018-02-23T17:56:49","modified_gmt":"2018-02-23T20:56:49","slug":"justica-mantem-prisao-domiciliar-do-ex-medico-roger-abdelmassih","status":"publish","type":"post","link":"https:\/\/diarioregionaldigital.com.br\/?p=92483","title":{"rendered":"Justi\u00e7a mant\u00e9m pris\u00e3o domiciliar do ex-m\u00e9dico Roger Abdelmassih"},"content":{"rendered":"<p>O Tribunal de Justi\u00e7a de S\u00e3o Paulo negou o recurso do Minist\u00e9rio P\u00fablico e manteve a pris\u00e3o domiciliar do ex-m\u00e9dico Roger Abdelmassih. Ele deixou a Penitenci\u00e1ria de Trememb\u00e9, no interior paulista, em outubro do ano passado, ao ter um habeas corpus concedido pelo ministro do Supremo Tribunal Federal (STF) Ricardo Lewandowski.<\/p>\n<p>Condenado a 181 anos de pris\u00e3o por 48 estupros de 37 de suas pacientes, Abdelmassih recebeu pela primeira vez o benef\u00edcio em julho de 2017. No entanto, ap\u00f3s uma interna\u00e7\u00e3o, em agosto, voltou \u00e0 pris\u00e3o por uma nova decis\u00e3o judicial que cassou a liminar autorizando que ele cumprisse a pena em casa devido a falta de tornozeleiras eletr\u00f4nicas no estado de S\u00e3o Paulo. A defesa argumenta que o ex-m\u00e9dico tem uma doen\u00e7a grave e n\u00e3o pode ser prejudicado pela falta do equipamento de monitoramento.<\/p>\n<p>Nessa quinta-feira, 22, 6\u00aa C\u00e2mara de Direito Criminal de S\u00e3o Paulo decidiu pela manuten\u00e7\u00e3o de Abdelmassih no regime domiciliar.<\/p>\n<p>O estado de S\u00e3o Paulo est\u00e1 sem sistema de tornozeleiras eletr\u00f4nicas desde agosto do ano passado, quando foi rompido o contrato com a empresa que fornecia os equipamentos. Segundo a Secretaria da Administra\u00e7\u00e3o Penitenci\u00e1ria (SAP), a rescis\u00e3o ocorreu por uma s\u00e9rie de falhas no sistema de monitoramento.<\/p>\n<p>Fonte: Ag\u00eancia Brasil<\/p>\n","protected":false},"excerpt":{"rendered":"<p>O Tribunal de Justi\u00e7a de S\u00e3o Paulo negou o recurso do Minist\u00e9rio P\u00fablico e manteve a pris\u00e3o domiciliar do ex-m\u00e9dico Roger Abdelmassih. Ele deixou a Penitenci\u00e1ria de Trememb\u00e9, no interior paulista, em outubro do ano passado, ao ter um habeas corpus concedido pelo ministro do Supremo Tribunal Federal (STF) Ricardo Lewandowski. Condenado a 181 anos [&hellip;]<\/p>\n","protected":false},"author":96,"featured_media":92482,"comment_status":"closed","ping_status":"closed","sticky":false,"template":"","format":"standard","meta":{"footnotes":""},"categories":[302],"tags":[],"class_list":["post-92483","post","type-post","status-publish","format-standard","has-post-thumbnail","hentry","category-brasil-mundo"],"_links":{"self":[{"href":"https:\/\/diarioregionaldigital.com.br\/index.php?rest_route=\/wp\/v2\/posts\/92483","targetHints":{"allow":["GET"]}}],"collection":[{"href":"https:\/\/diarioregionaldigital.com.br\/index.php?rest_route=\/wp\/v2\/posts"}],"about":[{"href":"https:\/\/diarioregionaldigital.com.br\/index.php?rest_route=\/wp\/v2\/types\/post"}],"author":[{"embeddable":true,"href":"https:\/\/diarioregionaldigital.com.br\/index.php?rest_route=\/wp\/v2\/users\/96"}],"replies":[{"embeddable":true,"href":"https:\/\/diarioregionaldigital.com.br\/index.php?rest_route=%2Fwp%2Fv2%2Fcomments&post=92483"}],"version-history":[{"count":0,"href":"https:\/\/diarioregionaldigital.com.br\/index.php?rest_route=\/wp\/v2\/posts\/92483\/revisions"}],"wp:featuredmedia":[{"embeddable":true,"href":"https:\/\/diarioregionaldigital.com.br\/index.php?rest_route=\/wp\/v2\/media\/92482"}],"wp:attachment":[{"href":"https:\/\/diarioregionaldigital.com.br\/index.php?rest_route=%2Fwp%2Fv2%2Fmedia&parent=92483"}],"wp:term":[{"taxonomy":"category","embeddable":true,"href":"https:\/\/diarioregionaldigital.com.br\/index.php?rest_route=%2Fwp%2Fv2%2Fcategories&post=92483"},{"taxonomy":"post_tag","embeddable":true,"href":"https:\/\/diarioregionaldigital.com.br\/index.php?rest_route=%2Fwp%2Fv2%2Ftags&post=92483"}],"curies":[{"name":"wp","href":"https:\/\/api.w.org\/{rel}","templated":true}]}}