{"id":92479,"date":"2018-02-23T16:59:09","date_gmt":"2018-02-23T19:59:09","guid":{"rendered":"http:\/\/diarioregionaljf.com.br\/2018\/02\/23\/se-intervencao-no-rio-nao-der-certo-governo-nao-deu-certo-afirma-temer\/"},"modified":"2018-02-23T16:59:09","modified_gmt":"2018-02-23T19:59:09","slug":"se-intervencao-no-rio-nao-der-certo-governo-nao-deu-certo-afirma-temer","status":"publish","type":"post","link":"https:\/\/diarioregionaldigital.com.br\/?p=92479","title":{"rendered":"Se interven\u00e7\u00e3o no Rio n\u00e3o der certo, governo n\u00e3o deu certo, afirma Temer"},"content":{"rendered":"<p>O presidente Michel Temer disse hoje, 23, que se a interven\u00e7\u00e3o federal na seguran\u00e7a p\u00fablica no Rio de Janeiro n\u00e3o der certo, o governo n\u00e3o deu certo.<\/p>\n<p>\u201cSe n\u00e3o der certo, n\u00e3o deu certo o governo, porque o comandante supremo das For\u00e7as Armadas \u00e9 o presidente da Rep\u00fablica. De modo que as For\u00e7as Armadas nada mais fizeram do que obedecer o comando do seu comandante supremo. Se n\u00e3o der certo, foi o governo que errou, n\u00e3o foram as For\u00e7as Armadas\u201d, disse em entrevista \u00e0 R\u00e1dio Bandeirantes.<\/p>\n<p><span style=\"font-size: 18pt;\">Interven\u00e7\u00e3o total<\/span><\/p>\n<p>Na entrevista, Temer disse que o governo federal chegou a cogitar uma interven\u00e7\u00e3o total no Rio de Janeiro. Mas, segundo o presidente, a uma medida era \u201cmuito radical\u201d e, por isso, foi descartada.<\/p>\n<p>Temer explicou que em uma interven\u00e7\u00e3o total o governador pode ser afastado. Ele foi questionado pelo jornalista Jos\u00e9 Luiz Datena se isso foi cogitado. \u201cClaro, foi cogitado num primeiro momento, mas logo afastei a ideia por que seria uma coisa muito radical, e logo refutei. E refutando ficamos com a conclus\u00e3o de que dever\u00edamos intervir na \u00e1rea da seguran\u00e7a p\u00fablica e no sistema penitenci\u00e1rio\u201d.<\/p>\n<p>Temer disse que ele e ministros conversaram com o governador do Rio de Janeiro, Luiz Fernando Pez\u00e3o, que concordou com a interven\u00e7\u00e3o na \u00e1rea de seguran\u00e7a p\u00fablica. O presidente destacou que n\u00e3o se trata de uma interven\u00e7\u00e3o militar, mas sim civil. \u201c\u00c9 uma interven\u00e7\u00e3o civil, administrativa, com a presen\u00e7a dos militares\u201d.<\/p>\n<p>Temer disse ter \u201cabsoluta convic\u00e7\u00e3o\u201d de que a interven\u00e7\u00e3o \u201cdar\u00e1 certo\u201d. \u201c\u00c9 um jogo de alto risco, mas \u00e9 um jogo necess\u00e1rio\u201d.<\/p>\n<p><span style=\"font-size: 18pt;\">Fim eleitoral<\/span><\/p>\n<p>Temer negou que a interven\u00e7\u00e3o tenha pretens\u00f5es eleitorais. \u201c\u00c9 uma jogada de mestre, mas n\u00e3o \u00e9 eleitoral\u201d, disse.<\/p>\n<p><span style=\"font-size: 18pt;\">Elei\u00e7\u00e3o 2018<\/span><\/p>\n<p>Questionado diretamente se pretende ser candidato \u00e0 reelei\u00e7\u00e3o no pleito de outubro, Temer negou. \u201cN\u00e3o. Tenho dito reiteradamente, em pol\u00edtica, as circunst\u00e2ncias \u00e9 que ditam a conduta e as circunst\u00e2ncias atuais ditam a minha conduta. Eu n\u00e3o sou candidato\u201d.<\/p>\n<p><span style=\"font-size: 18pt;\">Cria\u00e7\u00e3o de imposto<\/span><\/p>\n<p>Perguntado se haver\u00e1 a cria\u00e7\u00e3o de um imposto para financiar a \u00e1rea de seguran\u00e7a p\u00fablica, Temer negou. \u201cN\u00e3o haver\u00e1 imposto nenhum sobre seguran\u00e7a. N\u00e3o h\u00e1 essa inten\u00e7\u00e3o no governo. Isso j\u00e1 foi declarado pelos nossos ministros e agora declaro publicamente\u201d.<\/p>\n<p><span style=\"font-size: 18pt;\">Reforma da Previd\u00eancia<\/span><\/p>\n<p>Temer refor\u00e7ou a necessidade da aprova\u00e7\u00e3o da reforma da Previd\u00eancia para o equil\u00edbrio das contas p\u00fablicas e disse que o tema saiu da pauta legislativa, mas n\u00e3o da pauta pol\u00edtica do pa\u00eds.<\/p>\n<p>\u201cN\u00e3o haver\u00e1 candidato \u00e0 presidente da Rep\u00fablica, a governador, senador, deputado federal que n\u00e3o vai ser questionado sobre sua posi\u00e7\u00e3o em rela\u00e7\u00e3o \u00e0 Previd\u00eancia\u201d. No \u00faltimo dia 19, o ministro da Secretaria de Governo, Carlos Marun, afastou a possibilidade de vota\u00e7\u00e3o da reforma da Previd\u00eancia enquanto durar a interven\u00e7\u00e3o federal na seguran\u00e7a p\u00fablica do estado do Rio de Janeiro. O decreto de interven\u00e7\u00e3o prev\u00ea que a medida dure at\u00e9 o dia 31 de dezembro de 2018.<\/p>\n<p>Fonte: Ag\u00eancia Brasil<\/p>\n","protected":false},"excerpt":{"rendered":"<p>O presidente Michel Temer disse hoje, 23, que se a interven\u00e7\u00e3o federal na seguran\u00e7a p\u00fablica no Rio de Janeiro n\u00e3o der certo, o governo n\u00e3o deu certo. \u201cSe n\u00e3o der certo, n\u00e3o deu certo o governo, porque o comandante supremo das For\u00e7as Armadas \u00e9 o presidente da Rep\u00fablica. De modo que as For\u00e7as Armadas nada [&hellip;]<\/p>\n","protected":false},"author":96,"featured_media":92478,"comment_status":"closed","ping_status":"closed","sticky":false,"template":"","format":"standard","meta":{"footnotes":""},"categories":[254],"tags":[],"class_list":["post-92479","post","type-post","status-publish","format-standard","has-post-thumbnail","hentry","category-politica"],"_links":{"self":[{"href":"https:\/\/diarioregionaldigital.com.br\/index.php?rest_route=\/wp\/v2\/posts\/92479","targetHints":{"allow":["GET"]}}],"collection":[{"href":"https:\/\/diarioregionaldigital.com.br\/index.php?rest_route=\/wp\/v2\/posts"}],"about":[{"href":"https:\/\/diarioregionaldigital.com.br\/index.php?rest_route=\/wp\/v2\/types\/post"}],"author":[{"embeddable":true,"href":"https:\/\/diarioregionaldigital.com.br\/index.php?rest_route=\/wp\/v2\/users\/96"}],"replies":[{"embeddable":true,"href":"https:\/\/diarioregionaldigital.com.br\/index.php?rest_route=%2Fwp%2Fv2%2Fcomments&post=92479"}],"version-history":[{"count":0,"href":"https:\/\/diarioregionaldigital.com.br\/index.php?rest_route=\/wp\/v2\/posts\/92479\/revisions"}],"wp:featuredmedia":[{"embeddable":true,"href":"https:\/\/diarioregionaldigital.com.br\/index.php?rest_route=\/wp\/v2\/media\/92478"}],"wp:attachment":[{"href":"https:\/\/diarioregionaldigital.com.br\/index.php?rest_route=%2Fwp%2Fv2%2Fmedia&parent=92479"}],"wp:term":[{"taxonomy":"category","embeddable":true,"href":"https:\/\/diarioregionaldigital.com.br\/index.php?rest_route=%2Fwp%2Fv2%2Fcategories&post=92479"},{"taxonomy":"post_tag","embeddable":true,"href":"https:\/\/diarioregionaldigital.com.br\/index.php?rest_route=%2Fwp%2Fv2%2Ftags&post=92479"}],"curies":[{"name":"wp","href":"https:\/\/api.w.org\/{rel}","templated":true}]}}