{"id":92477,"date":"2018-02-23T16:27:31","date_gmt":"2018-02-23T19:27:31","guid":{"rendered":"http:\/\/diarioregionaljf.com.br\/2018\/02\/23\/vigia-e-amarrado-durante-assalto-na-praca-da-estacao\/"},"modified":"2018-02-23T16:27:31","modified_gmt":"2018-02-23T19:27:31","slug":"vigia-e-amarrado-durante-assalto-na-praca-da-estacao","status":"publish","type":"post","link":"https:\/\/diarioregionaldigital.com.br\/?p=92477","title":{"rendered":"Vigia \u00e9 amarrado durante assalto na Pra\u00e7a da Esta\u00e7\u00e3o"},"content":{"rendered":"<p>Um homem de 52 anos, que trabalha como vigia em uma obra da prefeitura na Pra\u00e7a da Esta\u00e7\u00e3o, foi amarrado durante um roubo a ve\u00edculo no local. O crime ocorreu na noite desta quinta-feira, 22.<\/p>\n<p>De acordo com o registro de ocorr\u00eancias da Pol\u00edcia Militar (PM), o vigia encontrava-se durante o expediente quando foi abordado por dois indiv\u00edduos que anunciaram o roubo.<\/p>\n<p>Os autores amarraram a v\u00edtima e a colocaram no interior de uma sala. Enquanto isso roubaram documentos, cart\u00f5es de banco, uma caixa de ferramentas e um ve\u00edculo Ford Fiesta, com placa de Juiz de Fora, estacionado no local.<\/p>\n<p>Ap\u00f3s o crime a dupla fugiu no ve\u00edculo roubado, em dire\u00e7\u00e3o ao bairro Santa Rita, localizado na zona Leste.<\/p>\n<p>A PM foi acionada, fez contato com outras guarni\u00e7\u00f5es a fim de repassar caracter\u00edsticas do ve\u00edculo, entretanto nenhum dos suspeitos, nem o carro foram encontrados.<\/p>\n","protected":false},"excerpt":{"rendered":"<p>Um homem de 52 anos, que trabalha como vigia em uma obra da prefeitura na Pra\u00e7a da Esta\u00e7\u00e3o, foi amarrado durante um roubo a ve\u00edculo no local. O crime ocorreu na noite desta quinta-feira, 22. De acordo com o registro de ocorr\u00eancias da Pol\u00edcia Militar (PM), o vigia encontrava-se durante o expediente quando foi abordado [&hellip;]<\/p>\n","protected":false},"author":96,"featured_media":92476,"comment_status":"closed","ping_status":"closed","sticky":false,"template":"","format":"standard","meta":{"footnotes":""},"categories":[301],"tags":[],"class_list":["post-92477","post","type-post","status-publish","format-standard","has-post-thumbnail","hentry","category-artigos-policiais"],"_links":{"self":[{"href":"https:\/\/diarioregionaldigital.com.br\/index.php?rest_route=\/wp\/v2\/posts\/92477","targetHints":{"allow":["GET"]}}],"collection":[{"href":"https:\/\/diarioregionaldigital.com.br\/index.php?rest_route=\/wp\/v2\/posts"}],"about":[{"href":"https:\/\/diarioregionaldigital.com.br\/index.php?rest_route=\/wp\/v2\/types\/post"}],"author":[{"embeddable":true,"href":"https:\/\/diarioregionaldigital.com.br\/index.php?rest_route=\/wp\/v2\/users\/96"}],"replies":[{"embeddable":true,"href":"https:\/\/diarioregionaldigital.com.br\/index.php?rest_route=%2Fwp%2Fv2%2Fcomments&post=92477"}],"version-history":[{"count":0,"href":"https:\/\/diarioregionaldigital.com.br\/index.php?rest_route=\/wp\/v2\/posts\/92477\/revisions"}],"wp:featuredmedia":[{"embeddable":true,"href":"https:\/\/diarioregionaldigital.com.br\/index.php?rest_route=\/wp\/v2\/media\/92476"}],"wp:attachment":[{"href":"https:\/\/diarioregionaldigital.com.br\/index.php?rest_route=%2Fwp%2Fv2%2Fmedia&parent=92477"}],"wp:term":[{"taxonomy":"category","embeddable":true,"href":"https:\/\/diarioregionaldigital.com.br\/index.php?rest_route=%2Fwp%2Fv2%2Fcategories&post=92477"},{"taxonomy":"post_tag","embeddable":true,"href":"https:\/\/diarioregionaldigital.com.br\/index.php?rest_route=%2Fwp%2Fv2%2Ftags&post=92477"}],"curies":[{"name":"wp","href":"https:\/\/api.w.org\/{rel}","templated":true}]}}