{"id":92475,"date":"2018-02-23T13:11:48","date_gmt":"2018-02-23T16:11:48","guid":{"rendered":"http:\/\/diarioregionaljf.com.br\/2018\/02\/23\/motorista-da-uber-e-assaltado-por-quatro-individuos-no-recanto-dos-lagos\/"},"modified":"2018-02-23T13:11:48","modified_gmt":"2018-02-23T16:11:48","slug":"motorista-da-uber-e-assaltado-por-quatro-individuos-no-recanto-dos-lagos","status":"publish","type":"post","link":"https:\/\/diarioregionaldigital.com.br\/?p=92475","title":{"rendered":"Motorista da Uber \u00e9 assaltado por quatro indiv\u00edduos no Recanto dos Lagos"},"content":{"rendered":"<p>Um jovem de 23 anos, motorista do aplicativo Uber, foi assaltado durante uma corrida at\u00e9 o bairro Recanto dos Lagos, localizado na zona Nordeste. O crime ocorreu nesta quinta-feira, 22.<\/p>\n<p>De acordo com o registro de ocorr\u00eancias da Pol\u00edcia Militar (PM), por volta das 15h, o motorista atendeu a um chamado de corrida para o bairro, ao passar pela Rua Oliv\u00e9rio Pires de Carvalho, foi abordado por quatro indiv\u00edduos que anunciaram o assalto.<\/p>\n<p>Os autores utilizavam capacetes e dois deles estavam armados com rev\u00f3lveres. Eles amea\u00e7aram a v\u00edtima apontando a arma em sua dire\u00e7\u00e3o e levaram a quantia de R$250, al\u00e9m de um aparelho celular.<\/p>\n<p>A PM foi acionada, realizou buscas na regi\u00e3o, entretanto os autores n\u00e3o foram encontrados.<\/p>\n","protected":false},"excerpt":{"rendered":"<p>Um jovem de 23 anos, motorista do aplicativo Uber, foi assaltado durante uma corrida at\u00e9 o bairro Recanto dos Lagos, localizado na zona Nordeste. O crime ocorreu nesta quinta-feira, 22. De acordo com o registro de ocorr\u00eancias da Pol\u00edcia Militar (PM), por volta das 15h, o motorista atendeu a um chamado de corrida para o [&hellip;]<\/p>\n","protected":false},"author":96,"featured_media":92474,"comment_status":"closed","ping_status":"closed","sticky":false,"template":"","format":"standard","meta":{"footnotes":""},"categories":[301],"tags":[],"class_list":["post-92475","post","type-post","status-publish","format-standard","has-post-thumbnail","hentry","category-artigos-policiais"],"_links":{"self":[{"href":"https:\/\/diarioregionaldigital.com.br\/index.php?rest_route=\/wp\/v2\/posts\/92475","targetHints":{"allow":["GET"]}}],"collection":[{"href":"https:\/\/diarioregionaldigital.com.br\/index.php?rest_route=\/wp\/v2\/posts"}],"about":[{"href":"https:\/\/diarioregionaldigital.com.br\/index.php?rest_route=\/wp\/v2\/types\/post"}],"author":[{"embeddable":true,"href":"https:\/\/diarioregionaldigital.com.br\/index.php?rest_route=\/wp\/v2\/users\/96"}],"replies":[{"embeddable":true,"href":"https:\/\/diarioregionaldigital.com.br\/index.php?rest_route=%2Fwp%2Fv2%2Fcomments&post=92475"}],"version-history":[{"count":0,"href":"https:\/\/diarioregionaldigital.com.br\/index.php?rest_route=\/wp\/v2\/posts\/92475\/revisions"}],"wp:featuredmedia":[{"embeddable":true,"href":"https:\/\/diarioregionaldigital.com.br\/index.php?rest_route=\/wp\/v2\/media\/92474"}],"wp:attachment":[{"href":"https:\/\/diarioregionaldigital.com.br\/index.php?rest_route=%2Fwp%2Fv2%2Fmedia&parent=92475"}],"wp:term":[{"taxonomy":"category","embeddable":true,"href":"https:\/\/diarioregionaldigital.com.br\/index.php?rest_route=%2Fwp%2Fv2%2Fcategories&post=92475"},{"taxonomy":"post_tag","embeddable":true,"href":"https:\/\/diarioregionaldigital.com.br\/index.php?rest_route=%2Fwp%2Fv2%2Ftags&post=92475"}],"curies":[{"name":"wp","href":"https:\/\/api.w.org\/{rel}","templated":true}]}}