{"id":92473,"date":"2018-02-23T12:47:03","date_gmt":"2018-02-23T15:47:03","guid":{"rendered":"http:\/\/diarioregionaljf.com.br\/2018\/02\/23\/assaltantes-prendem-funcionario-e-roubam-loja-de-conveniencia-no-sao-pedro\/"},"modified":"2018-02-23T12:47:03","modified_gmt":"2018-02-23T15:47:03","slug":"assaltantes-prendem-funcionario-e-roubam-loja-de-conveniencia-no-sao-pedro","status":"publish","type":"post","link":"https:\/\/diarioregionaldigital.com.br\/?p=92473","title":{"rendered":"Assaltantes prendem funcion\u00e1rio e roubam loja de conveni\u00eancia no S\u00e3o Pedro"},"content":{"rendered":"<p>Uma loja de conveni\u00eancia de um posto de combust\u00edveis foi assaltada na madrugada desta sexta-feira, 23, no bairro S\u00e3o Pedro, localizado na zona Oeste da cidade. O estabelecimento fica na Rua Jos\u00e9 Louren\u00e7o Kelmer.<\/p>\n<p>Segundo informa\u00e7\u00f5es da Pol\u00edcia Militar (PM), um jovem de 25 anos, funcion\u00e1rio do estabelecimento, encontrava-se no local quando foi surpreendido por dois indiv\u00edduos encapuzados que anunciaram o assalto.<\/p>\n<p>Os autores, um deles armado com um rev\u00f3lver, fizeram amea\u00e7as contra o funcion\u00e1rio, exigiram dinheiro e o tra\u00e7aram dentro do banheiro da loja. A dupla levou a quantia de R$120 do caixa e um notebook de um dos funcion\u00e1rios.<\/p>\n<p>Ap\u00f3s o crime os assaltantes sa\u00edram do local, se depararam com um jovem de 20 anos, que tamb\u00e9m foi assaltado e teve o celular roubado. Os autores ainda teriam efetuado tiros para o alto durante a fuga.<\/p>\n<p>A PM foi acionada, realizou buscas na regi\u00e3o, entretanto os autores n\u00e3o foram localizados.<\/p>\n","protected":false},"excerpt":{"rendered":"<p>Uma loja de conveni\u00eancia de um posto de combust\u00edveis foi assaltada na madrugada desta sexta-feira, 23, no bairro S\u00e3o Pedro, localizado na zona Oeste da cidade. O estabelecimento fica na Rua Jos\u00e9 Louren\u00e7o Kelmer. Segundo informa\u00e7\u00f5es da Pol\u00edcia Militar (PM), um jovem de 25 anos, funcion\u00e1rio do estabelecimento, encontrava-se no local quando foi surpreendido por [&hellip;]<\/p>\n","protected":false},"author":96,"featured_media":92472,"comment_status":"closed","ping_status":"closed","sticky":false,"template":"","format":"standard","meta":{"footnotes":""},"categories":[301],"tags":[],"class_list":["post-92473","post","type-post","status-publish","format-standard","has-post-thumbnail","hentry","category-artigos-policiais"],"_links":{"self":[{"href":"https:\/\/diarioregionaldigital.com.br\/index.php?rest_route=\/wp\/v2\/posts\/92473","targetHints":{"allow":["GET"]}}],"collection":[{"href":"https:\/\/diarioregionaldigital.com.br\/index.php?rest_route=\/wp\/v2\/posts"}],"about":[{"href":"https:\/\/diarioregionaldigital.com.br\/index.php?rest_route=\/wp\/v2\/types\/post"}],"author":[{"embeddable":true,"href":"https:\/\/diarioregionaldigital.com.br\/index.php?rest_route=\/wp\/v2\/users\/96"}],"replies":[{"embeddable":true,"href":"https:\/\/diarioregionaldigital.com.br\/index.php?rest_route=%2Fwp%2Fv2%2Fcomments&post=92473"}],"version-history":[{"count":0,"href":"https:\/\/diarioregionaldigital.com.br\/index.php?rest_route=\/wp\/v2\/posts\/92473\/revisions"}],"wp:featuredmedia":[{"embeddable":true,"href":"https:\/\/diarioregionaldigital.com.br\/index.php?rest_route=\/wp\/v2\/media\/92472"}],"wp:attachment":[{"href":"https:\/\/diarioregionaldigital.com.br\/index.php?rest_route=%2Fwp%2Fv2%2Fmedia&parent=92473"}],"wp:term":[{"taxonomy":"category","embeddable":true,"href":"https:\/\/diarioregionaldigital.com.br\/index.php?rest_route=%2Fwp%2Fv2%2Fcategories&post=92473"},{"taxonomy":"post_tag","embeddable":true,"href":"https:\/\/diarioregionaldigital.com.br\/index.php?rest_route=%2Fwp%2Fv2%2Ftags&post=92473"}],"curies":[{"name":"wp","href":"https:\/\/api.w.org\/{rel}","templated":true}]}}