{"id":92471,"date":"2018-02-23T12:05:57","date_gmt":"2018-02-23T15:05:57","guid":{"rendered":"http:\/\/diarioregionaljf.com.br\/2018\/02\/23\/homem-e-jovem-sao-vitimas-de-tentativa-de-homicidio-no-bairro-santa-rita\/"},"modified":"2018-02-23T12:05:57","modified_gmt":"2018-02-23T15:05:57","slug":"homem-e-jovem-sao-vitimas-de-tentativa-de-homicidio-no-bairro-santa-rita","status":"publish","type":"post","link":"https:\/\/diarioregionaldigital.com.br\/?p=92471","title":{"rendered":"Homem e jovem s\u00e3o v\u00edtimas de tentativa de homic\u00eddio no bairro Santa Rita"},"content":{"rendered":"<p>A Pol\u00edcia Militar (PM) registrou uma tentativa de homic\u00eddio contra um homem e um jovem, na noite desta quinta-feira, 22, no bairro Santa Rita, localizado na zona Leste.<\/p>\n<p>De acordo com o registro de ocorr\u00eancias, a PM foi acionada ap\u00f3s den\u00fancias de disparos de arma de fogo na Rua R\u00f4mulo Ribeiro de Castro. Ao chegarem at\u00e9 o local, se depararam com um jovem de 22 anos, atingido por dois disparos e um homem, de 41 anos, atingido de rasp\u00e3o.<\/p>\n<p>O jovem foi socorrido pelo Servi\u00e7o de Atendimento M\u00f3vel de Urg\u00eancia (SAMU), sendo constatado um disparo de arma de fogo no ombro e outro nas costas, ficando a bala alojada na traqu\u00e9ia. O homem tamb\u00e9m foi socorrido, sendo identificado um tiro de rasp\u00e3o na cabe\u00e7a. Ambos foram encaminhados para o Hospital de Pronto Socorro (HPS).<\/p>\n<p>Em relato aos policiais, as v\u00edtimas explicaram que estavam consumindo bebidas e drogas com os autores, um menor, de 16 anos, e um jovem de 27. Em determinado momento a dupla afirmou que iria buscar mais drogas. Quando retornaram, o jovem sacou um rev\u00f3lver e efetuou os disparos. Ap\u00f3s o crime os autores fugiram.<\/p>\n<p>A PM n\u00e3o localizou os suspeitos.<\/p>\n","protected":false},"excerpt":{"rendered":"<p>A Pol\u00edcia Militar (PM) registrou uma tentativa de homic\u00eddio contra um homem e um jovem, na noite desta quinta-feira, 22, no bairro Santa Rita, localizado na zona Leste. De acordo com o registro de ocorr\u00eancias, a PM foi acionada ap\u00f3s den\u00fancias de disparos de arma de fogo na Rua R\u00f4mulo Ribeiro de Castro. Ao chegarem [&hellip;]<\/p>\n","protected":false},"author":96,"featured_media":92470,"comment_status":"closed","ping_status":"closed","sticky":false,"template":"","format":"standard","meta":{"footnotes":""},"categories":[301],"tags":[],"class_list":["post-92471","post","type-post","status-publish","format-standard","has-post-thumbnail","hentry","category-artigos-policiais"],"_links":{"self":[{"href":"https:\/\/diarioregionaldigital.com.br\/index.php?rest_route=\/wp\/v2\/posts\/92471","targetHints":{"allow":["GET"]}}],"collection":[{"href":"https:\/\/diarioregionaldigital.com.br\/index.php?rest_route=\/wp\/v2\/posts"}],"about":[{"href":"https:\/\/diarioregionaldigital.com.br\/index.php?rest_route=\/wp\/v2\/types\/post"}],"author":[{"embeddable":true,"href":"https:\/\/diarioregionaldigital.com.br\/index.php?rest_route=\/wp\/v2\/users\/96"}],"replies":[{"embeddable":true,"href":"https:\/\/diarioregionaldigital.com.br\/index.php?rest_route=%2Fwp%2Fv2%2Fcomments&post=92471"}],"version-history":[{"count":0,"href":"https:\/\/diarioregionaldigital.com.br\/index.php?rest_route=\/wp\/v2\/posts\/92471\/revisions"}],"wp:featuredmedia":[{"embeddable":true,"href":"https:\/\/diarioregionaldigital.com.br\/index.php?rest_route=\/wp\/v2\/media\/92470"}],"wp:attachment":[{"href":"https:\/\/diarioregionaldigital.com.br\/index.php?rest_route=%2Fwp%2Fv2%2Fmedia&parent=92471"}],"wp:term":[{"taxonomy":"category","embeddable":true,"href":"https:\/\/diarioregionaldigital.com.br\/index.php?rest_route=%2Fwp%2Fv2%2Fcategories&post=92471"},{"taxonomy":"post_tag","embeddable":true,"href":"https:\/\/diarioregionaldigital.com.br\/index.php?rest_route=%2Fwp%2Fv2%2Ftags&post=92471"}],"curies":[{"name":"wp","href":"https:\/\/api.w.org\/{rel}","templated":true}]}}