{"id":92463,"date":"2018-02-23T01:19:52","date_gmt":"2018-02-23T04:19:52","guid":{"rendered":"http:\/\/diarioregionaljf.com.br\/2018\/02\/23\/parlamentares-visitam-hospital-do-ipsemg-em-bh\/"},"modified":"2018-02-23T01:19:52","modified_gmt":"2018-02-23T04:19:52","slug":"parlamentares-visitam-hospital-do-ipsemg-em-bh","status":"publish","type":"post","link":"https:\/\/diarioregionaldigital.com.br\/?p=92463","title":{"rendered":"Parlamentares visitam Hospital do IPSEMG em BH"},"content":{"rendered":"<p>A Comiss\u00e3o de Sa\u00fade da Assembleia Legislativa de Minas Gerais (ALMG) aprovou, nesta quarta-feira, 21, requerimentos com o objetivo de apurar a falta de recursos do Instituto de Previd\u00eancia dos Servidores (Ipsemg). Para tanto, os parlamentares, entre eles, o deputado Ant\u00f4nio Jorge (PPS), pretendem realizar visita ao Hospital Governador Israel Pinheiro, em Belo Horizonte, que presta atendimento aos segurados do Ipsemg, e uma audi\u00eancia p\u00fablica para discutir a falta de medicamentos, atraso na realiza\u00e7\u00e3o de cirurgias eletivas e condi\u00e7\u00f5es de trabalho dos servidores.<\/p>\n<p>Os parlamentares tamb\u00e9m pretendem visitar o procurador-geral de Justi\u00e7a, o Conselho Estadual de Sa\u00fade e o Tribunal de Contas do Estado (TCE) para discutirem a quest\u00e3o. Solicitada pelo Ant\u00f4nio Jorge (PPS) e por outros parlamentares, a visita ao hospital pretende verificar os impactos da recorrente falta de repasse de recursos do Estado para o Ipsemg.<\/p>\n<p>Na reuni\u00e3o, os parlamentares destacaram que v\u00eam recebendo relatos de condi\u00e7\u00f5es prec\u00e1rias de atendimento, al\u00e9m da situa\u00e7\u00e3o de trabalho dos servidores do Ipsemg.<br \/>O deputado Ant\u00f4nio Jorge falou sobre a necessidade de aprova\u00e7\u00e3o de medida que obrigue o Governo do Estado a depositar os recursos obrigat\u00f3rios no Fundo Estadual da Sa\u00fade.<\/p>\n<p>Ant\u00f4nio Jorge solicitou ainda a realiza\u00e7\u00e3o de duas audi\u00eancias p\u00fablicas: uma, para debater o programa Seguran\u00e7a do Paciente e, a outra, para marcar o Dia Mundial de Conscientiza\u00e7\u00e3o sobre a Esclerose M\u00faltipla, que neste ano est\u00e1 marcado a \u00faltima quarta-feira do m\u00eas, em 30 de maio.<\/p>\n<p>Tamb\u00e9m foram aprovadas a realiza\u00e7\u00e3o de tr\u00eas audi\u00eancias p\u00fablicas em fevereiro, maio e setembro de 2018, para ouvir a apresenta\u00e7\u00e3o do relat\u00f3rio detalhado do gestor do Sistema \u00danico de Sa\u00fade (SUS). O deputado Ant\u00f4nio Jorge foi um dos signat\u00e1rios do requerimento, que cumpre determina\u00e7\u00f5es da Lei Complementar Federal 141, de 2012.<\/p>\n<p>Trabalhadores do Instituto de Previd\u00eancia dos Servidores do Estado de Minas Gerais (Ipsemg) entrar\u00e3o em greve a partir desta sexta-feira, 23. O an\u00fancio foi feito em audi\u00eancia p\u00fablica realizada, nesta quarta-feira, 21, pela Comiss\u00e3o do Trabalho, da Previd\u00eancia e da Assist\u00eancia Social da Assembleia Legislativa de Minas Gerais (ALMG).<\/p>\n<p>A reuni\u00e3o debateu problemas enfrentados pelos servidores, al\u00e9m da suspens\u00e3o do atendimento prestado por hospitais e cl\u00ednicas credenciados devido ao atraso no repasse de recursos do instituto.<\/p>\n<p>O deputado Ant\u00f4nio Jorge (PPS) participou da audi\u00eancia. O parlamentar voltou a afirmar que governar \u00e9 eleger prioridades. \u201cEste governo n\u00e3o considera a sa\u00fade priorit\u00e1ria. A chamada crise econ\u00f4mica \u00e9 uma fal\u00e1cia e est\u00e1 sendo utilizada como pretexto para n\u00e3o investir na melhoria da rede de atendimento e na valoriza\u00e7\u00e3o dos servidores\u201d. Segundo ele, o Estado arrecadar\u00e1, neste ano, aproximadamente R$12 bilh\u00f5es provenientes de receitas extraordin\u00e1rias, oriundas, por exemplo, da venda de parte da Codemig.<\/p>\n<h4>Fila para cirurgias<\/h4>\n<p>A presidente do Sindicato dos Servidores do Ipsemg (Sisipsemg), Maria Abadia de Souza, informou que o n\u00famero de funcion\u00e1rios encontra-se reduzido, a contrata\u00e7\u00e3o de terceirizados e comissionados aumentou, os profissionais est\u00e3o se aposentado e as condi\u00e7\u00f5es de trabalho est\u00e3o prec\u00e1rias.<\/p>\n<p>Geraldo Henrique, diretor do Sindicato dos Trabalhadores no Servi\u00e7o P\u00fablico do Estado (Sindp\u00fablicos-MG), ressaltou que h\u00e1, hoje, 4 mil pessoas \u00e0 espera de cirurgias a serem realizadas em unidades hospitalares credenciadas pelo Ipsemg. Mas, segundo ele, os procedimentos se encontram sob amea\u00e7a, uma vez que a suspens\u00e3o do atendimento aos benefici\u00e1rios do instituto tem sido generalizada.<\/p>\n<p>Tamb\u00e9m o presidente do Conselho de Benefici\u00e1rios do Ipsemg, Alexandre Pires, relatou casos de hospitais que se recusam a atender os servidores. Ele enfatizou que a suspens\u00e3o dos servi\u00e7os no interior \u00e9 ainda mais grave porque os usu\u00e1rios de algumas regi\u00f5es n\u00e3o contam com outras op\u00e7\u00f5es.<\/p>\n<p>O presidente acrescentou que os servidores do instituto vivem no limite, sendo tamb\u00e9m v\u00edtimas do \u201cjustificado descontentamento dos benefici\u00e1rios\u201d. Por isso, declarou seu apoio \u00e0 greve anunciada pela entidade sindical.<\/p>\n<hr \/>\n<p>&nbsp;Fonte: Assessoria<\/p>\n","protected":false},"excerpt":{"rendered":"<p>A Comiss\u00e3o de Sa\u00fade da Assembleia Legislativa de Minas Gerais (ALMG) aprovou, nesta quarta-feira, 21, requerimentos com o objetivo de apurar a falta de recursos do Instituto de Previd\u00eancia dos Servidores (Ipsemg). Para tanto, os parlamentares, entre eles, o deputado Ant\u00f4nio Jorge (PPS), pretendem realizar visita ao Hospital Governador Israel Pinheiro, em Belo Horizonte, que [&hellip;]<\/p>\n","protected":false},"author":96,"featured_media":92462,"comment_status":"closed","ping_status":"closed","sticky":false,"template":"","format":"standard","meta":{"footnotes":""},"categories":[254],"tags":[],"class_list":["post-92463","post","type-post","status-publish","format-standard","has-post-thumbnail","hentry","category-politica"],"_links":{"self":[{"href":"https:\/\/diarioregionaldigital.com.br\/index.php?rest_route=\/wp\/v2\/posts\/92463","targetHints":{"allow":["GET"]}}],"collection":[{"href":"https:\/\/diarioregionaldigital.com.br\/index.php?rest_route=\/wp\/v2\/posts"}],"about":[{"href":"https:\/\/diarioregionaldigital.com.br\/index.php?rest_route=\/wp\/v2\/types\/post"}],"author":[{"embeddable":true,"href":"https:\/\/diarioregionaldigital.com.br\/index.php?rest_route=\/wp\/v2\/users\/96"}],"replies":[{"embeddable":true,"href":"https:\/\/diarioregionaldigital.com.br\/index.php?rest_route=%2Fwp%2Fv2%2Fcomments&post=92463"}],"version-history":[{"count":0,"href":"https:\/\/diarioregionaldigital.com.br\/index.php?rest_route=\/wp\/v2\/posts\/92463\/revisions"}],"wp:featuredmedia":[{"embeddable":true,"href":"https:\/\/diarioregionaldigital.com.br\/index.php?rest_route=\/wp\/v2\/media\/92462"}],"wp:attachment":[{"href":"https:\/\/diarioregionaldigital.com.br\/index.php?rest_route=%2Fwp%2Fv2%2Fmedia&parent=92463"}],"wp:term":[{"taxonomy":"category","embeddable":true,"href":"https:\/\/diarioregionaldigital.com.br\/index.php?rest_route=%2Fwp%2Fv2%2Fcategories&post=92463"},{"taxonomy":"post_tag","embeddable":true,"href":"https:\/\/diarioregionaldigital.com.br\/index.php?rest_route=%2Fwp%2Fv2%2Ftags&post=92463"}],"curies":[{"name":"wp","href":"https:\/\/api.w.org\/{rel}","templated":true}]}}