{"id":92459,"date":"2018-02-22T23:54:40","date_gmt":"2018-02-23T02:54:40","guid":{"rendered":"http:\/\/diarioregionaljf.com.br\/2018\/02\/22\/aceitar-se-e-fundamental\/"},"modified":"2018-04-16T08:10:37","modified_gmt":"2018-04-16T11:10:37","slug":"aceitar-se-e-fundamental","status":"publish","type":"post","link":"https:\/\/diarioregionaldigital.com.br\/?p=92459","title":{"rendered":"Aceitar-se \u00e9 fundamental"},"content":{"rendered":"<p>Outro ponto importante da auto-estima se encontra na aceita\u00e7\u00e3o das falhas. Todos falhamos, e isso precisa ser encarado de forma natural.<\/p>\n<p>Como \u00e9 que um beb\u00ea aprende a andar? Caindo e levantando, caindo e levantando, caindo e levantando&#8230; At\u00e9 que, de repente, acerta! Se, nesse treinamento para aprender a andar, o beb\u00ea dissesse para si mesmo que era bobagem continuar tentando, pois n\u00e3o iria nunca conseguir, o que voc\u00ea acha que aconteceria? O adulto em que esse beb\u00ea se transformou n\u00e3o estaria andando at\u00e9 hoje. Felizmente, n\u00e3o \u00e9 isso o que acontece, pois os beb\u00eas n\u00e3o costumam se intimidar com os tombos e insistem na tentativa de andar, at\u00e9 que conseguem.<\/p>\n<p>Na nossa educa\u00e7\u00e3o, no entanto, falhar \u00e9 pecado. E, \u00e0 medida que isso acontece, nossa auto-imagem vai sendo destru\u00edda. Devemos nos lembrar sempre do beb\u00ea persistente que j\u00e1 fomos.<\/p>\n<p>&nbsp;<\/p>\n<p><strong>Aprenda com os seus erros<\/strong><\/p>\n<p>Se quiser progredir na vida, esque\u00e7a a s\u00edndrome da perfei\u00e7\u00e3o. Ficar repetindo para si mesmo que n\u00e3o pode falhar, torna tudo mais dif\u00edcil.<\/p>\n<p>Se voc\u00ea pensar que nada de importante \u00e9 feito corretamente e da primeira vez, voc\u00ea chegar\u00e1 \u00e0 conclus\u00e3o de que os erros s\u00e3o uma forma de aperfei\u00e7oar-se. Quanto melhor voc\u00ea aceita suas falhas, mais aprende com elas para fazer certo da pr\u00f3xima vez.<\/p>\n<p>\u00c9 falhando, aprendendo, acertando e progredindo que aprendemos a confiar mais em n\u00f3s mesmos e a ter mais auto-estima.<\/p>\n<p>Os erros s\u00e3o grandes momentos na nossa exist\u00eancia.<\/p>\n<p>&nbsp;<\/p>\n<p><strong>O poder do sorriso<\/strong><\/p>\n<p>O sorriso \u00e9 muito importante para melhorar a auto-estima. Existe uma rela\u00e7\u00e3o direta entre o sorriso e o sis\u00actema nervoso central. Quando sorrimos, mes\u00ac-mo que seja uma simples movimenta\u00e7\u00e3o da musculatura facial, o c\u00e9rebro re\u00acce\u00acbe uma mensagem positiva de que tudo est\u00e1 bem.<\/p>\n<p>V\u00e1rios estudos mostram que as mulheres sorriem muito mais que os ho-mens. E, curiosamente, as mulheres vivem, em m\u00e9dia, oito anos mais do que os homens.<\/p>\n<p>&nbsp;<\/p>\n<p><strong>A magia da doa\u00e7\u00e3o<\/strong><\/p>\n<p>A capacidade de uma pessoa se doar, de prestar servi\u00e7os \u00fateis ao pr\u00f3ximo e \u00e0 comunidade sem interesses finan\u00accei\u00acros, \u00e9 muito importante para a sua auto-estima. Quando fazemos coisas de gra\u00e7a, o mundo sempre nos retribui de alguma forma.<\/p>\n<p>\u00c9 l\u00f3gico que o seu trabalho deve ser valorizado; mas, o que voc\u00ea acha de praticar o princ\u00edpio de Robin Hood, cobrando de quem tem e ajudando quem necessita? V\u00e1 al\u00e9m disso e seja generoso: \u00e0s vezes, fa\u00e7a doa\u00e7\u00f5es at\u00e9 mesmo para quem n\u00e3o precisa.<\/p>\n<p>&nbsp;<\/p>\n<p><strong>Cuide da vizinhan\u00e7a<\/strong><\/p>\n<p>As pessoas que nos cercam interferem diretamente em nossa auto-estima. Quem vive em companhia de pessoas negativas, dificilmente consegue desenvolver uma auto-estima sadia.<\/p>\n<p>Isso n\u00e3o significa deixar de lado pessoas que precisam do nosso apoio exatamente por serem negativas. Mas \u00e9 preciso saber escolher ambientes e relacionamentos prop\u00edcios \u00e0 sua felicidade.<\/p>\n<p>Lembre-se: quando voc\u00ea n\u00e3o est\u00e1 bem, n\u00e3o consegue contribuir para que as pessoas ao seu redor fiquem bem, e isso tende a criar um c\u00edrculo vicioso, prejudicial a todos.<\/p>\n<p>&nbsp;<\/p>\n<p style=\"text-align: center;\"><strong>Dr. Lair Ribeiro &#8211; M\u00e9dico Cardiologista. Palestrante internacional, ex-diretor da Merck Sharp &amp; Dohme e da Ciba-Geigy Corporation, nos Estados Unidos, e autor de v\u00e1rios livros que se tornaram best-sellers no Brasil e em pa\u00edses da Am\u00e9rica Latina e da Europa.<\/strong><\/p>\n<p>&nbsp;<\/p>\n<p><img loading=\"lazy\" decoding=\"async\" class=\" size-full wp-image-92458\" src=\"http:\/\/diarioregionaljf.com.br\/wp-content\/uploads\/2018\/02\/diario-int-24429-1.jpg\" alt=\"Lair Ribeiro.jpg\" width=\"237\" height=\"356\" style=\"display: block; margin-left: auto; margin-right: auto;\" srcset=\"https:\/\/diarioregionaldigital.com.br\/wp-content\/uploads\/2018\/02\/diario-int-24429-1.jpg 300w, https:\/\/diarioregionaldigital.com.br\/wp-content\/uploads\/2018\/02\/diario-int-24429-1-200x300.jpg 200w\" sizes=\"auto, (max-width: 237px) 100vw, 237px\" \/><\/p>\n","protected":false},"excerpt":{"rendered":"<p>Outro ponto importante da auto-estima se encontra na aceita\u00e7\u00e3o das falhas. Todos falhamos, e isso precisa ser encarado de forma natural. Como \u00e9 que um beb\u00ea aprende a andar? Caindo e levantando, caindo e levantando, caindo e levantando&#8230; At\u00e9 que, de repente, acerta! Se, nesse treinamento para aprender a andar, o beb\u00ea dissesse para si [&hellip;]<\/p>\n","protected":false},"author":96,"featured_media":92457,"comment_status":"closed","ping_status":"closed","sticky":false,"template":"","format":"standard","meta":{"footnotes":""},"categories":[274],"tags":[],"class_list":["post-92459","post","type-post","status-publish","format-standard","has-post-thumbnail","hentry","category-dr-lair-ribeiro"],"_links":{"self":[{"href":"https:\/\/diarioregionaldigital.com.br\/index.php?rest_route=\/wp\/v2\/posts\/92459","targetHints":{"allow":["GET"]}}],"collection":[{"href":"https:\/\/diarioregionaldigital.com.br\/index.php?rest_route=\/wp\/v2\/posts"}],"about":[{"href":"https:\/\/diarioregionaldigital.com.br\/index.php?rest_route=\/wp\/v2\/types\/post"}],"author":[{"embeddable":true,"href":"https:\/\/diarioregionaldigital.com.br\/index.php?rest_route=\/wp\/v2\/users\/96"}],"replies":[{"embeddable":true,"href":"https:\/\/diarioregionaldigital.com.br\/index.php?rest_route=%2Fwp%2Fv2%2Fcomments&post=92459"}],"version-history":[{"count":0,"href":"https:\/\/diarioregionaldigital.com.br\/index.php?rest_route=\/wp\/v2\/posts\/92459\/revisions"}],"wp:featuredmedia":[{"embeddable":true,"href":"https:\/\/diarioregionaldigital.com.br\/index.php?rest_route=\/wp\/v2\/media\/92457"}],"wp:attachment":[{"href":"https:\/\/diarioregionaldigital.com.br\/index.php?rest_route=%2Fwp%2Fv2%2Fmedia&parent=92459"}],"wp:term":[{"taxonomy":"category","embeddable":true,"href":"https:\/\/diarioregionaldigital.com.br\/index.php?rest_route=%2Fwp%2Fv2%2Fcategories&post=92459"},{"taxonomy":"post_tag","embeddable":true,"href":"https:\/\/diarioregionaldigital.com.br\/index.php?rest_route=%2Fwp%2Fv2%2Ftags&post=92459"}],"curies":[{"name":"wp","href":"https:\/\/api.w.org\/{rel}","templated":true}]}}