{"id":92453,"date":"2018-02-22T23:25:50","date_gmt":"2018-02-23T02:25:50","guid":{"rendered":"http:\/\/diarioregionaljf.com.br\/2018\/02\/22\/intervencao-e-educacao\/"},"modified":"2018-04-16T08:04:57","modified_gmt":"2018-04-16T11:04:57","slug":"intervencao-e-educacao","status":"publish","type":"post","link":"https:\/\/diarioregionaldigital.com.br\/?p=92453","title":{"rendered":"Interven\u00e7\u00e3o e Educa\u00e7\u00e3o"},"content":{"rendered":"<p>Seria uma covardia inomin\u00e1vel fugir ao debate sobre a situa\u00e7\u00e3o de viol\u00eancia em que se encontra o Rio de Janeiro. Nos \u00faltimos tempos n\u00e3o h\u00e1 bairro livre da a\u00e7\u00e3o de bandidos, naturalmente estimulados pelos exemplos que v\u00eam de cima, como demonstra a opera\u00e7\u00e3o Lava-Jato. Por isso mesmo, a nossa experi\u00eancia de mais de 60 anos de atividades na educa\u00e7\u00e3o nos leva a acrescentar alguns coment\u00e1rios \u00e0 decis\u00e3o presidencial de decretar a interven\u00e7\u00e3o federal na seguran\u00e7a do Rio de Janeiro, com o prazo limitado at\u00e9 31 de dezembro de 2018. Ser\u00e1 que \u00e9 suficiente para obter resultados favor\u00e1veis?<\/p>\n<p>Que era preciso fazer alguma coisa, n\u00e3o h\u00e1 a menor d\u00favida. O pr\u00f3prio governador entregou os pontos, afirmando publicamente que n\u00e3o tinha mais condi\u00e7\u00f5es de liderar a sua pr\u00f3pria Secretaria de Seguran\u00e7a. Restou o recurso extremo ao governo federal. Ser\u00e1 dura a tarefa do general do ex\u00e9rcito Braga Netto, com quem ficou a responsabilidade de restabelecer na plenitude o emprego da lei e da ordem em nosso Estado.<\/p>\n<p>A nossa contribui\u00e7\u00e3o \u00e9 muito clara. Pensem na prioridade da educa\u00e7\u00e3o em todo esse processo. Sem a maior das nossas prioridades a\u00ed mesmo \u00e9 que os resultados ser\u00e3o p\u00edfios. Ou algu\u00e9m tem d\u00favida de que os pa\u00edses desenvolvidos do mundo de hoje come\u00e7aram os seus projetos pela prioridade efetiva no trato da educa\u00e7\u00e3o? Se n\u00e3o quiserem pensar muito, fica aqui o exemplo do Jap\u00e3o, que visitamos tr\u00eas vezes, depois da Guerra, para sentir de perto a forma pela qual a na\u00e7\u00e3o quase destru\u00edda por duas bombas at\u00f4micas se recuperou e atingiu a lideran\u00e7a da modernidade. Educa\u00e7\u00e3o, educa\u00e7\u00e3o, educa\u00e7\u00e3o.<\/p>\n<p>Claro que tudo come\u00e7a com um bom planejamento, como prometeu o interventor do Rio de Janeiro, para seguir o racioc\u00ednio com a convic\u00e7\u00e3o de que, sem recursos financeiros, restar\u00e1 muito pouco a fazer. Recursos que permitam dignificar a carreira do magist\u00e9rio, com sal\u00e1rios compat\u00edveis, al\u00e9m do necess\u00e1rio e inadi\u00e1vel aperfei\u00e7oamento da pr\u00f3pria escola. Precisamos de um novo modelo para enfrentar a crise em que nos debatemos. Com as barbaridades cometidas na Petrobras o governo do RJ foi sacrificado, financeiramente, e os resultados s\u00e3o n\u00edtidos. \u00c9 preciso reparar essa situa\u00e7\u00e3o, no menor tempo poss\u00edvel, e isso depende fundamentalmente das a\u00e7\u00f5es do governo federal.<\/p>\n<p>Outro fato com o qual n\u00e3o se pode compactuar: o atraso nos sal\u00e1rios dos servidores p\u00fablicos. Nunca tivemos uma situa\u00e7\u00e3o sequer parecida com a dos tempos recentes, com sal\u00e1rios atrasados tr\u00eas meses e ainda o descaso com o pagamento devido do 13o sal\u00e1rio. Isso desrespeita, do ponto de vista humano e profissional, aqueles que deram a vida para servir ao Estado, enfrentando assaltos, arrast\u00f5es e outras sequelas da nossa atualidade. N\u00e3o se pode duvidar do relevo da miss\u00e3o confiada \u00e0 compet\u00eancia e coragem do general Braga Netto. O nosso desejo \u00e9 que ele seja plenamente feliz.<\/p>\n<p>&nbsp;<\/p>\n<p><strong>Arnaldo Niskier da Academia Brasileira de Letras, Doutor Honoris Causa da Unama e presidente do CIEE\/RJ<\/strong><\/p>\n<p><img loading=\"lazy\" decoding=\"async\" class=\" size-full wp-image-92452\" src=\"http:\/\/diarioregionaljf.com.br\/wp-content\/uploads\/2018\/02\/diario-int-24427-1.jpg\" alt=\"arnaldoniskier.jpg\" width=\"217\" height=\"300\" \/><\/p>\n","protected":false},"excerpt":{"rendered":"<p>Seria uma covardia inomin\u00e1vel fugir ao debate sobre a situa\u00e7\u00e3o de viol\u00eancia em que se encontra o Rio de Janeiro. Nos \u00faltimos tempos n\u00e3o h\u00e1 bairro livre da a\u00e7\u00e3o de bandidos, naturalmente estimulados pelos exemplos que v\u00eam de cima, como demonstra a opera\u00e7\u00e3o Lava-Jato. Por isso mesmo, a nossa experi\u00eancia de mais de 60 anos [&hellip;]<\/p>\n","protected":false},"author":96,"featured_media":92451,"comment_status":"closed","ping_status":"closed","sticky":false,"template":"","format":"standard","meta":{"footnotes":""},"categories":[275],"tags":[],"class_list":["post-92453","post","type-post","status-publish","format-standard","has-post-thumbnail","hentry","category-arnaldo-niskier"],"_links":{"self":[{"href":"https:\/\/diarioregionaldigital.com.br\/index.php?rest_route=\/wp\/v2\/posts\/92453","targetHints":{"allow":["GET"]}}],"collection":[{"href":"https:\/\/diarioregionaldigital.com.br\/index.php?rest_route=\/wp\/v2\/posts"}],"about":[{"href":"https:\/\/diarioregionaldigital.com.br\/index.php?rest_route=\/wp\/v2\/types\/post"}],"author":[{"embeddable":true,"href":"https:\/\/diarioregionaldigital.com.br\/index.php?rest_route=\/wp\/v2\/users\/96"}],"replies":[{"embeddable":true,"href":"https:\/\/diarioregionaldigital.com.br\/index.php?rest_route=%2Fwp%2Fv2%2Fcomments&post=92453"}],"version-history":[{"count":0,"href":"https:\/\/diarioregionaldigital.com.br\/index.php?rest_route=\/wp\/v2\/posts\/92453\/revisions"}],"wp:featuredmedia":[{"embeddable":true,"href":"https:\/\/diarioregionaldigital.com.br\/index.php?rest_route=\/wp\/v2\/media\/92451"}],"wp:attachment":[{"href":"https:\/\/diarioregionaldigital.com.br\/index.php?rest_route=%2Fwp%2Fv2%2Fmedia&parent=92453"}],"wp:term":[{"taxonomy":"category","embeddable":true,"href":"https:\/\/diarioregionaldigital.com.br\/index.php?rest_route=%2Fwp%2Fv2%2Fcategories&post=92453"},{"taxonomy":"post_tag","embeddable":true,"href":"https:\/\/diarioregionaldigital.com.br\/index.php?rest_route=%2Fwp%2Fv2%2Ftags&post=92453"}],"curies":[{"name":"wp","href":"https:\/\/api.w.org\/{rel}","templated":true}]}}