{"id":92450,"date":"2018-02-22T23:13:26","date_gmt":"2018-02-23T02:13:26","guid":{"rendered":"http:\/\/diarioregionaljf.com.br\/2018\/02\/22\/guarda-municipal-recebe-capacitacao-para-recolhimento-de-primatas-mortos\/"},"modified":"2018-02-22T23:13:26","modified_gmt":"2018-02-23T02:13:26","slug":"guarda-municipal-recebe-capacitacao-para-recolhimento-de-primatas-mortos","status":"publish","type":"post","link":"https:\/\/diarioregionaldigital.com.br\/?p=92450","title":{"rendered":"Guarda Municipal recebe capacita\u00e7\u00e3o para recolhimento de primatas mortos"},"content":{"rendered":"<p>Nesta quinta-feira, 22, os supervisores operacionais da Guarda Municipal participaram de capacita\u00e7\u00e3o dada pela Subsecretaria de Vigil\u00e2ncia Epidemiol\u00f3gica da Secretaria de Sa\u00fade. Um veterin\u00e1rio do Departamento de Zoonoses esteve na sede da corpora\u00e7\u00e3o, orientando a equipe sobre procedimentos a serem adotados para o recolhimento de macacos mortos encontrados na \u00e1rea urbana do munic\u00edpio. A Guarda est\u00e1 apoiando a zoonoses neste trabalho nos fins de semana e feriados, quando o setor est\u00e1 fechado. Desde o feriado do carnaval, a corpora\u00e7\u00e3o vem atendendo solicita\u00e7\u00f5es para a retirada de carca\u00e7as encontradas pela popula\u00e7\u00e3o. At\u00e9 o momento, seis j\u00e1 foram recolhidas e encaminhadas ao setor de monitoramento.<\/p>\n<p>O treinamento tem a fun\u00e7\u00e3o de alinhar procedimentos, resguardando as condi\u00e7\u00f5es de seguran\u00e7a e profilaxia para quem faz o trabalho, garantindo a preserva\u00e7\u00e3o do corpo do animal para an\u00e1lise. Tamb\u00e9m foram dadas orienta\u00e7\u00f5es sobre a import\u00e2ncia da coleta de informa\u00e7\u00f5es corretas referentes aos locais de cada ocorr\u00eancia, para registro em banco de dados epidemiol\u00f3gico do Minist\u00e9rio da Sa\u00fade.<\/p>\n<p>&nbsp;<\/p>\n<p>Fonte: Assessoria<\/p>\n","protected":false},"excerpt":{"rendered":"<p>Nesta quinta-feira, 22, os supervisores operacionais da Guarda Municipal participaram de capacita\u00e7\u00e3o dada pela Subsecretaria de Vigil\u00e2ncia Epidemiol\u00f3gica da Secretaria de Sa\u00fade. Um veterin\u00e1rio do Departamento de Zoonoses esteve na sede da corpora\u00e7\u00e3o, orientando a equipe sobre procedimentos a serem adotados para o recolhimento de macacos mortos encontrados na \u00e1rea urbana do munic\u00edpio. A Guarda [&hellip;]<\/p>\n","protected":false},"author":96,"featured_media":92449,"comment_status":"closed","ping_status":"closed","sticky":false,"template":"","format":"standard","meta":{"footnotes":""},"categories":[253],"tags":[],"class_list":["post-92450","post","type-post","status-publish","format-standard","has-post-thumbnail","hentry","category-cidade"],"_links":{"self":[{"href":"https:\/\/diarioregionaldigital.com.br\/index.php?rest_route=\/wp\/v2\/posts\/92450","targetHints":{"allow":["GET"]}}],"collection":[{"href":"https:\/\/diarioregionaldigital.com.br\/index.php?rest_route=\/wp\/v2\/posts"}],"about":[{"href":"https:\/\/diarioregionaldigital.com.br\/index.php?rest_route=\/wp\/v2\/types\/post"}],"author":[{"embeddable":true,"href":"https:\/\/diarioregionaldigital.com.br\/index.php?rest_route=\/wp\/v2\/users\/96"}],"replies":[{"embeddable":true,"href":"https:\/\/diarioregionaldigital.com.br\/index.php?rest_route=%2Fwp%2Fv2%2Fcomments&post=92450"}],"version-history":[{"count":0,"href":"https:\/\/diarioregionaldigital.com.br\/index.php?rest_route=\/wp\/v2\/posts\/92450\/revisions"}],"wp:featuredmedia":[{"embeddable":true,"href":"https:\/\/diarioregionaldigital.com.br\/index.php?rest_route=\/wp\/v2\/media\/92449"}],"wp:attachment":[{"href":"https:\/\/diarioregionaldigital.com.br\/index.php?rest_route=%2Fwp%2Fv2%2Fmedia&parent=92450"}],"wp:term":[{"taxonomy":"category","embeddable":true,"href":"https:\/\/diarioregionaldigital.com.br\/index.php?rest_route=%2Fwp%2Fv2%2Fcategories&post=92450"},{"taxonomy":"post_tag","embeddable":true,"href":"https:\/\/diarioregionaldigital.com.br\/index.php?rest_route=%2Fwp%2Fv2%2Ftags&post=92450"}],"curies":[{"name":"wp","href":"https:\/\/api.w.org\/{rel}","templated":true}]}}