{"id":92444,"date":"2018-02-22T22:54:20","date_gmt":"2018-02-23T01:54:20","guid":{"rendered":"http:\/\/diarioregionaljf.com.br\/2018\/02\/22\/tupi-e-atletico-mg-se-enfrentam-em-juiz-de-fora-pelo-campeonato-mineiro\/"},"modified":"2018-02-22T22:54:20","modified_gmt":"2018-02-23T01:54:20","slug":"tupi-e-atletico-mg-se-enfrentam-em-juiz-de-fora-pelo-campeonato-mineiro","status":"publish","type":"post","link":"https:\/\/diarioregionaldigital.com.br\/?p=92444","title":{"rendered":"Tupi e Atl\u00e9tico- MG se enfrentam em Juiz de Fora pelo Campeonato Mineiro"},"content":{"rendered":"<p>O Tupi receber\u00e1 o Atl\u00e9tico no domingo, 25, \u00e0s 17 horas, no Est\u00e1dio Municipal \u201cRadialista Mario Hel\u00eanio\u201d, em mais uma rodada do Campeonato Mineiro. Os ingressos ser\u00e3o vendidos a partir desta quarta-feira, 21, na sede social do Tupi (Rua Jos\u00e9 Calil Ahouagi, 332, Centro), das 8 \u00e0s 18 horas. A partir desta quinta-feira, 22, nas lojas do Supermercado Bahamas S\u00e3o Vicente, Get\u00falio Vargas, Manoel Hon\u00f3rio, J\u00f3quei Clube e S\u00e3o Pedro e cal\u00e7ad\u00e3o da Rua Halfeld, das 9 \u00e0s 18 horas. No s\u00e1bado, a venda ser\u00e1 nestes mesmos locais, das 10 \u00e0s 12 horas. No est\u00e1dio, os ingressos estar\u00e3o dispon\u00edveis a partir das 13 horas, nos p\u00f3rticos 1 e 3.<\/p>\n<p> Os torcedores do Tupi entrar\u00e3o pelo port\u00e3o principal do est\u00e1dio (P\u00f3rtico 1), enquanto a torcida do Atl\u00e9tico ter\u00e1 acesso pelo port\u00e3o do Bairro Dom Orione (P\u00f3rtico 3). A abertura dos port\u00f5es acontecer\u00e1 \u00e0s 15 horas. Os ingressos custar\u00e3o R$50 a inteira e R$25, a meia.<\/p>\n<p> Ser\u00e3o disponibilizados \u00f4nibus especiais para transporte dos torcedores. O primeiro sair\u00e1 da Avenida Presidente Itamar Franco \u00e0s 14 horas, e o \u00faltimo sair\u00e1 do est\u00e1dio 40 minutos ap\u00f3s a partida. Artefatos pirot\u00e9cnicos, fuma\u00e7as e bebidas em vasilhames de vidro e lata n\u00e3o ser\u00e3o permitidos dentro do est\u00e1dio, assim como, por quest\u00f5es de seguran\u00e7a, a entrada de torcedores usando o uniforme advers\u00e1rio nos port\u00f5es indicados para cada clube.&nbsp;<\/p>\n<p> O p\u00e1tio em frente ao est\u00e1dio ser\u00e1 para acesso de carros dos torcedores do Tupi. Os atleticanos dever\u00e3o estacionar no entorno do est\u00e1dio. \u00d4nibus e vans de torcedores do Atl\u00e9tico dever\u00e3o estacionar na Avenida Eug\u00eanio do Nascimento, em local determinado pela secretaria de Transporte e Tr\u00e2nsito (Settra), pr\u00f3ximo do muro da sede campestre do Servi\u00e7o Social da Ind\u00fastria (Sesi).<\/p>\n","protected":false},"excerpt":{"rendered":"<p>O Tupi receber\u00e1 o Atl\u00e9tico no domingo, 25, \u00e0s 17 horas, no Est\u00e1dio Municipal \u201cRadialista Mario Hel\u00eanio\u201d, em mais uma rodada do Campeonato Mineiro. Os ingressos ser\u00e3o vendidos a partir desta quarta-feira, 21, na sede social do Tupi (Rua Jos\u00e9 Calil Ahouagi, 332, Centro), das 8 \u00e0s 18 horas. A partir desta quinta-feira, 22, nas [&hellip;]<\/p>\n","protected":false},"author":96,"featured_media":92443,"comment_status":"closed","ping_status":"closed","sticky":false,"template":"","format":"standard","meta":{"footnotes":""},"categories":[257],"tags":[],"class_list":["post-92444","post","type-post","status-publish","format-standard","has-post-thumbnail","hentry","category-esporte"],"_links":{"self":[{"href":"https:\/\/diarioregionaldigital.com.br\/index.php?rest_route=\/wp\/v2\/posts\/92444","targetHints":{"allow":["GET"]}}],"collection":[{"href":"https:\/\/diarioregionaldigital.com.br\/index.php?rest_route=\/wp\/v2\/posts"}],"about":[{"href":"https:\/\/diarioregionaldigital.com.br\/index.php?rest_route=\/wp\/v2\/types\/post"}],"author":[{"embeddable":true,"href":"https:\/\/diarioregionaldigital.com.br\/index.php?rest_route=\/wp\/v2\/users\/96"}],"replies":[{"embeddable":true,"href":"https:\/\/diarioregionaldigital.com.br\/index.php?rest_route=%2Fwp%2Fv2%2Fcomments&post=92444"}],"version-history":[{"count":0,"href":"https:\/\/diarioregionaldigital.com.br\/index.php?rest_route=\/wp\/v2\/posts\/92444\/revisions"}],"wp:featuredmedia":[{"embeddable":true,"href":"https:\/\/diarioregionaldigital.com.br\/index.php?rest_route=\/wp\/v2\/media\/92443"}],"wp:attachment":[{"href":"https:\/\/diarioregionaldigital.com.br\/index.php?rest_route=%2Fwp%2Fv2%2Fmedia&parent=92444"}],"wp:term":[{"taxonomy":"category","embeddable":true,"href":"https:\/\/diarioregionaldigital.com.br\/index.php?rest_route=%2Fwp%2Fv2%2Fcategories&post=92444"},{"taxonomy":"post_tag","embeddable":true,"href":"https:\/\/diarioregionaldigital.com.br\/index.php?rest_route=%2Fwp%2Fv2%2Ftags&post=92444"}],"curies":[{"name":"wp","href":"https:\/\/api.w.org\/{rel}","templated":true}]}}