{"id":92442,"date":"2018-02-22T22:41:49","date_gmt":"2018-02-23T01:41:49","guid":{"rendered":"http:\/\/diarioregionaljf.com.br\/2018\/02\/22\/projeto-de-skate-recebe-visita-de-sandro-dias-o-mineirinho-em-juiz-de-fora\/"},"modified":"2018-02-22T22:41:49","modified_gmt":"2018-02-23T01:41:49","slug":"projeto-de-skate-recebe-visita-de-sandro-dias-o-mineirinho-em-juiz-de-fora","status":"publish","type":"post","link":"https:\/\/diarioregionaldigital.com.br\/?p=92442","title":{"rendered":"Projeto de Skate recebe visita de Sandro Dias, \u201co Mineirinho\u201d, em Juiz de Fora"},"content":{"rendered":"<p>O skatista hexacampe\u00e3o mundial da World Cup Skateboarding Sandro Dias (o Mineirinho) esteve na academia de Skate no Shopping Jardim Norte, na tarde desta quinta-feira, 22.<\/p>\n<p>Na ocasi\u00e3o, al\u00e9m de um contato mais pr\u00f3ximo com os f\u00e3s, o atleta atendeu em&nbsp; especial os alunos da escola Municipal CAIC N\u00fabia, do Bairro Santa Cruz. Mineirinho tamb\u00e9m andou na pista de skate do projeto.<\/p>\n<p>O balan\u00e7o da academia do skate na cidade desde seu inicio no dia 19 de janeiro j\u00e1 \u00e9 extremamente positivo. Com um m\u00eas de academia do Skate, o projeto atendeu a mais de 1300 alunos, entre crian\u00e7as e adolescentes.<\/p>\n<p>\u201cNa verdade toda a ideia do projeto surgiu em 2016, quando o skate virou um esporte ol\u00edmpico, isso tudo tira o skate do status de marginalidade para um status de esporte. &nbsp;Minas Gerais estava muito aqu\u00e9m no skate e pensando em mudar esse cen\u00e1rio, nos unimos ao governo de minas atrav\u00e9s da lei do incentivo ao esporte e criamos a academia do skate, que nada mais \u00e9, do que uma pista de skate itinerante que tem circulado pelo estado, para explicar um pouco sobre a cultura do skate,\u201d contou Rafael Diniz, Presidente da associa\u00e7\u00e3o Natividade idealizadora do Projeto.<\/p>\n<p>O que mais \u00e9 gratificante \u00e9 ver que estamos fazendo diferen\u00e7a na vida de muita gente, aqui em JF estamos chegando aos dois mil visitantes na pista, temos parceria com escolas e estamos mostrando o skate em um ambiente escolar tamb\u00e9m, e tem sido muito gratificante para n\u00f3s, disse Rafael.<\/p>\n<p>\u201cFico contente de fazer parte desse projeto como padrinho, porque na minha \u00e9poca n\u00e3o t\u00ednhamos projeto, n\u00e3o t\u00ednhamos campeonato, nem incentivo, n\u00e3o tinha nada. And\u00e1vamos porque a gente gostava, sem mesmo acreditar que um dia pudesse dar certo em nossas vida. Hoje, com todas essas oportunidades, temos que mostrar o esporte, ainda mais com um mundo maluco desse, com tantas coisas ruins que chega com facilidade para as crian\u00e7as e adolescentes. Temos que tentar mostrar um caminho do bem, que \u00e9 o caminho do esporte. Na minha modalidade que \u00e9 o skate eu tento fazer o poss\u00edvel, para&nbsp; pelo menos encaminhar para o esporte, se for para o skate melhor ainda, porque sei que vai dar certo, se voc\u00ea se empenhar, tiver talento. Tamb\u00e9m se n\u00e3o der certo, ser\u00e1 um&nbsp; bom cidad\u00e3o e isso eu acredito,\u201d comentou Mineirinho.<\/p>\n<p>O hexacampe\u00e3o mundial tamb\u00e9m comentou sobre o esporte ser inclu\u00eddo nas Olimp\u00edadas de T\u00f3quio 2020. O skatista de Santo Andr\u00e9 fez parte do comit\u00ea que pleiteava a aprova\u00e7\u00e3o do skate como esporte ol\u00edmpico por quase dez anos. &#8220;A gente queria que fosse aprovado a tempo da Rio-2016 pela for\u00e7a do skate no Brasil. Infelizmente, n\u00e3o deu certo, mas a campanha se fortaleceu. Pra mim foi uma felicidade imensa, eu fazia parte do Comit\u00ea para as olimp\u00edadas desde 2003. E a nossa ideia era colocar o skate nas olimp\u00edadas. N\u00e3o conseguimos colocar como competi\u00e7\u00e3o nas olimp\u00edadas do Rio de Janeiro, mas conseguimos que fosse declarado um esporte ol\u00edmpico para as pr\u00f3ximas de 2020. Ent\u00e3o, era uma coisa que a gente vinha esperando h\u00e1 muito tempo e ficamos muito felizes com tudo,\u201d contou. &nbsp;<\/p>\n<p>Sandro diz ainda que, se n\u00e3o houver restri\u00e7\u00e3o de idade, ele se esfor\u00e7ar\u00e1 ao m\u00e1ximo para representar o Brasil em 2020, quando ter\u00e1 45 anos.<\/p>\n<p>As oficinas ocorrem de ter\u00e7a a s\u00e1bado, de 10h \u00e0s 20h, e aos domingos, de 14h \u00e0s 20h, e ter\u00e3o dura\u00e7\u00e3o de 30 minutos. Cada turma pode ter no m\u00e1ximo 16 alunos, que s\u00e3o divididos em quatro grupos comandados por quatro instrutores. Boa parte destes professores s\u00e3o de Juiz de Fora, sendo que alguns tem forma\u00e7\u00e3o em Educa\u00e7\u00e3o F\u00edsica e outros conhecimento t\u00e9cnico do skate. Al\u00e9m das aulas e palestras, a Academia do Skate ainda organizar\u00e1 uma competi\u00e7\u00e3o interna por dois dias. Em 3 de mar\u00e7o ir\u00e3o competir os alunos que participaram do projeto na categoria mirim e infantil. No segundo dia, 4 de mar\u00e7o, haver\u00e1 espa\u00e7o para skatistas do munic\u00edpio e regi\u00e3o disputarem um torneio. Al\u00e9m deles, as categorias iniciante e feminino tamb\u00e9m ter\u00e3o espa\u00e7o para competir.<\/p>\n<p><strong>&nbsp;<\/strong><\/p>\n","protected":false},"excerpt":{"rendered":"<p>O skatista hexacampe\u00e3o mundial da World Cup Skateboarding Sandro Dias (o Mineirinho) esteve na academia de Skate no Shopping Jardim Norte, na tarde desta quinta-feira, 22. Na ocasi\u00e3o, al\u00e9m de um contato mais pr\u00f3ximo com os f\u00e3s, o atleta atendeu em&nbsp; especial os alunos da escola Municipal CAIC N\u00fabia, do Bairro Santa Cruz. Mineirinho tamb\u00e9m [&hellip;]<\/p>\n","protected":false},"author":96,"featured_media":92441,"comment_status":"closed","ping_status":"closed","sticky":false,"template":"","format":"standard","meta":{"footnotes":""},"categories":[257],"tags":[],"class_list":["post-92442","post","type-post","status-publish","format-standard","has-post-thumbnail","hentry","category-esporte"],"_links":{"self":[{"href":"https:\/\/diarioregionaldigital.com.br\/index.php?rest_route=\/wp\/v2\/posts\/92442","targetHints":{"allow":["GET"]}}],"collection":[{"href":"https:\/\/diarioregionaldigital.com.br\/index.php?rest_route=\/wp\/v2\/posts"}],"about":[{"href":"https:\/\/diarioregionaldigital.com.br\/index.php?rest_route=\/wp\/v2\/types\/post"}],"author":[{"embeddable":true,"href":"https:\/\/diarioregionaldigital.com.br\/index.php?rest_route=\/wp\/v2\/users\/96"}],"replies":[{"embeddable":true,"href":"https:\/\/diarioregionaldigital.com.br\/index.php?rest_route=%2Fwp%2Fv2%2Fcomments&post=92442"}],"version-history":[{"count":0,"href":"https:\/\/diarioregionaldigital.com.br\/index.php?rest_route=\/wp\/v2\/posts\/92442\/revisions"}],"wp:featuredmedia":[{"embeddable":true,"href":"https:\/\/diarioregionaldigital.com.br\/index.php?rest_route=\/wp\/v2\/media\/92441"}],"wp:attachment":[{"href":"https:\/\/diarioregionaldigital.com.br\/index.php?rest_route=%2Fwp%2Fv2%2Fmedia&parent=92442"}],"wp:term":[{"taxonomy":"category","embeddable":true,"href":"https:\/\/diarioregionaldigital.com.br\/index.php?rest_route=%2Fwp%2Fv2%2Fcategories&post=92442"},{"taxonomy":"post_tag","embeddable":true,"href":"https:\/\/diarioregionaldigital.com.br\/index.php?rest_route=%2Fwp%2Fv2%2Ftags&post=92442"}],"curies":[{"name":"wp","href":"https:\/\/api.w.org\/{rel}","templated":true}]}}