{"id":92433,"date":"2018-02-22T21:50:54","date_gmt":"2018-02-23T00:50:54","guid":{"rendered":"http:\/\/diarioregionaljf.com.br\/2018\/02\/22\/prefeitura-municipal-de-rochedo-de-minas-23-02-18\/"},"modified":"2018-08-13T20:37:09","modified_gmt":"2018-08-13T23:37:09","slug":"prefeitura-municipal-de-rochedo-de-minas-23-02-18","status":"publish","type":"post","link":"https:\/\/diarioregionaldigital.com.br\/?p=92433","title":{"rendered":"Prefeitura Municipal De Rochedo De Minas 23\/02\/18"},"content":{"rendered":"<p style=\"text-align: center;\"><span class=\"h4\">AVISO<\/span><br \/>APrefeitura Municipal de Rochedo de Minas-MG torna p\u00fablico que far\u00e1 realizar aTomada de Pre\u00e7osn\u00ba. 001\/2018, julgamento \u201cTipo:T\u00e9cnica e Pre\u00e7os\u201d,Lei Federal n\u00ba 8.666\/93;para Contrata\u00e7\u00e3o de Empresa Especializada emPresta\u00e7\u00e3o de Servi\u00e7os de Consultoria e Assessoria em Contabilidade Publica, com Disponibilidade de SOFTWARES, Conforme Edital,Abertura: 29 de Mar\u00e7o de 2018, Hor\u00e1rio: 10:00 h, na Sala de Licita\u00e7\u00f5es daPREFEITURA MUNICIPAL, A Pra\u00e7a Sebasti\u00e3o Gomes, 92, Centro \u2013 Rochedo de Minas \u2013 MG. O Edital se encontra \u00e0 disposi\u00e7\u00e3o dos interessados, no endere\u00e7o acima mencionado, Ricardo Cezar Candido da Silva\u2013Prefeito Municipal.<\/p>\n","protected":false},"excerpt":{"rendered":"<p>AVISOAPrefeitura Municipal de Rochedo de Minas-MG torna p\u00fablico que far\u00e1 realizar aTomada de Pre\u00e7osn\u00ba. 001\/2018, julgamento \u201cTipo:T\u00e9cnica e Pre\u00e7os\u201d,Lei Federal n\u00ba 8.666\/93;para Contrata\u00e7\u00e3o de Empresa Especializada emPresta\u00e7\u00e3o de Servi\u00e7os de Consultoria e Assessoria em Contabilidade Publica, com Disponibilidade de SOFTWARES, Conforme Edital,Abertura: 29 de Mar\u00e7o de 2018, Hor\u00e1rio: 10:00 h, na Sala de Licita\u00e7\u00f5es daPREFEITURA [&hellip;]<\/p>\n","protected":false},"author":96,"featured_media":0,"comment_status":"closed","ping_status":"closed","sticky":false,"template":"","format":"standard","meta":{"footnotes":""},"categories":[307],"tags":[],"class_list":["post-92433","post","type-post","status-publish","format-standard","hentry","category-editais"],"_links":{"self":[{"href":"https:\/\/diarioregionaldigital.com.br\/index.php?rest_route=\/wp\/v2\/posts\/92433","targetHints":{"allow":["GET"]}}],"collection":[{"href":"https:\/\/diarioregionaldigital.com.br\/index.php?rest_route=\/wp\/v2\/posts"}],"about":[{"href":"https:\/\/diarioregionaldigital.com.br\/index.php?rest_route=\/wp\/v2\/types\/post"}],"author":[{"embeddable":true,"href":"https:\/\/diarioregionaldigital.com.br\/index.php?rest_route=\/wp\/v2\/users\/96"}],"replies":[{"embeddable":true,"href":"https:\/\/diarioregionaldigital.com.br\/index.php?rest_route=%2Fwp%2Fv2%2Fcomments&post=92433"}],"version-history":[{"count":0,"href":"https:\/\/diarioregionaldigital.com.br\/index.php?rest_route=\/wp\/v2\/posts\/92433\/revisions"}],"wp:attachment":[{"href":"https:\/\/diarioregionaldigital.com.br\/index.php?rest_route=%2Fwp%2Fv2%2Fmedia&parent=92433"}],"wp:term":[{"taxonomy":"category","embeddable":true,"href":"https:\/\/diarioregionaldigital.com.br\/index.php?rest_route=%2Fwp%2Fv2%2Fcategories&post=92433"},{"taxonomy":"post_tag","embeddable":true,"href":"https:\/\/diarioregionaldigital.com.br\/index.php?rest_route=%2Fwp%2Fv2%2Ftags&post=92433"}],"curies":[{"name":"wp","href":"https:\/\/api.w.org\/{rel}","templated":true}]}}