{"id":92432,"date":"2018-02-22T21:24:51","date_gmt":"2018-02-23T00:24:51","guid":{"rendered":"http:\/\/diarioregionaljf.com.br\/2018\/02\/22\/estudante-da-ufjf-faz-vaquinha-online-para-conseguir-apresentar-trabalho-na-espanha\/"},"modified":"2018-02-22T21:24:51","modified_gmt":"2018-02-23T00:24:51","slug":"estudante-da-ufjf-faz-vaquinha-online-para-conseguir-apresentar-trabalho-na-espanha","status":"publish","type":"post","link":"https:\/\/diarioregionaldigital.com.br\/?p=92432","title":{"rendered":"Estudante da UFJF faz \u201cvaquinha\u201d online para conseguir apresentar trabalho na Espanha"},"content":{"rendered":"<p>J\u00e1 teve a sensa\u00e7\u00e3o de ter um sonho nas m\u00e3os, mas o perdeu entre os dedos? Esse sentimento \u00e9 vivido pela estudante do mestrado da Faculdade de Comunica\u00e7\u00e3o da Universidade Federal de Juiz de Fora (UFJF), Laryssa Prado. A mestranda teve o seu trabalho aceito no I Congresso Internacional Quirino de Anima\u00e7\u00e3o, no munic\u00edpio espanhol Santa Cruz de Tenerife, mas n\u00e3o pode ir devido ao valor alto dos gastos da viagem.<\/p>\n<p>Foram 37 trabalhos enviados, de oito pa\u00edses, sendo que apenas dois brasileiros foram selecionados. A estudante \u00e9 a \u00fanica de um programa de p\u00f3s-gradua\u00e7\u00e3o p\u00fablico a ter um artigo aceito. \u201cEu fiz uma postagem de desabafo no Facebook por conta de n\u00e3o ter conseguido financiamento para ir ao Congresso por meio da minha faculdade. Me informaram que a verba destinada a esse aux\u00edlio ainda n\u00e3o tinha chegado e n\u00e3o tem previs\u00e3o de chegar. No post, as pessoas comentaram e me incentivaram a fazer uma vaquinha\u201d, relatou Laryssa.<\/p>\n<p>Ap\u00f3s o incentivo dos amigos na rede social, a jovem iniciou uma vaquinha online no dia 20 de fevereiro e o Congresso ser\u00e1 realizado entre os dias 6 e 7 de abril. \u201cEu fiz as contas e de passagem devo gastar entre R$4.500 e R$5 mil. Al\u00e9m disso, tem a estadia e o transporte entre o aeroporto e a cidade, por isso, coloquei na vaquinha o valor de R$5.500\u201d, disse a estudante. O financiamento online deve ser conclu\u00eddo no dia 20 de mar\u00e7o. \u201cEm dois dias de campanha, arrecadei R$1.010\u201d, completou.<\/p>\n<p>&nbsp;<\/p>\n<h4>O PROJETO<\/h4>\n<p>O projeto \u201cTeoria dos Cineastas: Regina Pessoa e a trilogia da inf\u00e2ncia\u201d nasceu durante as aulas ministradas pela professora \u00c9rika Savernini. \u201cDurante o mestrado, a gente vai fazendo as disciplinas para que elas possam contribuir com a nossa pesquisa. Na mat\u00e9ria da professora \u00c9rika, minha co-orientadora, t\u00ednhamos que aplicar a teoria dos cineastas em uma pesquisa, portanto, continuei dentro do meu objeto de pesquisa, anima\u00e7\u00e3o, e escolhi uma mulher animadora [a portuguesa, Regina Pessoa] e apliquei a teoria nas anima\u00e7\u00f5es que ela produz\u201d, explicou Laryssa.<\/p>\n<p>Ao longo de seis meses, com a ajuda da professora, a estudante elaborou o projeto. Em dezembro o submeteu ao Congresso e recebeu a not\u00edcia positiva h\u00e1 cerca de uma semana.<\/p>\n<p>Segundo a professora, \u00c9rika Savernini, o campo da investiga\u00e7\u00e3o e tamb\u00e9m da cria\u00e7\u00e3o em Cinema de Anima\u00e7\u00e3o tem muitas especificidades que o tornam restrito. \u201cEventos cient\u00edficos dedicados ao Cinema de Anima\u00e7\u00e3o s\u00e3o muito poucos em todo mundo, creio que n\u00e3o h\u00e1 qualquer um no Brasil ainda, embora a anima\u00e7\u00e3o no pa\u00eds tenha uma boa proje\u00e7\u00e3o mundial e tenhamos um dos maiores festivais do mundo [Anima Mundi]. Dessa forma, \u00e9 um grande reconhecimento quando um trabalho brasileiro, como o da Laryssa, \u00e9 escolhido para compor um grupo t\u00e3o restrito de pesquisas sobre anima\u00e7\u00e3o\u201d, afirmou.<\/p>\n<p>Al\u00e9m disso, salientou \u00c9rika, a ida de Laryssa \u00e9 uma oportunidade de amplia\u00e7\u00e3o de visibilidade das pesquisas elaboradas no Mestrado em Comunica\u00e7\u00e3o da UFJF, que pode ser considerada uma das a\u00e7\u00f5es de internacionaliza\u00e7\u00e3o que a institui\u00e7\u00e3o tem buscado promover.<br \/>Se voc\u00ea quiser ajudar a Laryssa, acesse: <a href=\"https:\/\/www.vakinha.com.br\/vaquinha\/me-ajude-a-representar-o-brasil-na-espanha\">www.vakinha.com.br\/vaquinha\/me-ajude-a-representar-o-brasil-na-espanha<\/a>.<\/p>\n","protected":false},"excerpt":{"rendered":"<p>J\u00e1 teve a sensa\u00e7\u00e3o de ter um sonho nas m\u00e3os, mas o perdeu entre os dedos? Esse sentimento \u00e9 vivido pela estudante do mestrado da Faculdade de Comunica\u00e7\u00e3o da Universidade Federal de Juiz de Fora (UFJF), Laryssa Prado. A mestranda teve o seu trabalho aceito no I Congresso Internacional Quirino de Anima\u00e7\u00e3o, no munic\u00edpio espanhol [&hellip;]<\/p>\n","protected":false},"author":96,"featured_media":92431,"comment_status":"closed","ping_status":"closed","sticky":false,"template":"","format":"standard","meta":{"footnotes":""},"categories":[253],"tags":[],"class_list":["post-92432","post","type-post","status-publish","format-standard","has-post-thumbnail","hentry","category-cidade"],"_links":{"self":[{"href":"https:\/\/diarioregionaldigital.com.br\/index.php?rest_route=\/wp\/v2\/posts\/92432","targetHints":{"allow":["GET"]}}],"collection":[{"href":"https:\/\/diarioregionaldigital.com.br\/index.php?rest_route=\/wp\/v2\/posts"}],"about":[{"href":"https:\/\/diarioregionaldigital.com.br\/index.php?rest_route=\/wp\/v2\/types\/post"}],"author":[{"embeddable":true,"href":"https:\/\/diarioregionaldigital.com.br\/index.php?rest_route=\/wp\/v2\/users\/96"}],"replies":[{"embeddable":true,"href":"https:\/\/diarioregionaldigital.com.br\/index.php?rest_route=%2Fwp%2Fv2%2Fcomments&post=92432"}],"version-history":[{"count":0,"href":"https:\/\/diarioregionaldigital.com.br\/index.php?rest_route=\/wp\/v2\/posts\/92432\/revisions"}],"wp:featuredmedia":[{"embeddable":true,"href":"https:\/\/diarioregionaldigital.com.br\/index.php?rest_route=\/wp\/v2\/media\/92431"}],"wp:attachment":[{"href":"https:\/\/diarioregionaldigital.com.br\/index.php?rest_route=%2Fwp%2Fv2%2Fmedia&parent=92432"}],"wp:term":[{"taxonomy":"category","embeddable":true,"href":"https:\/\/diarioregionaldigital.com.br\/index.php?rest_route=%2Fwp%2Fv2%2Fcategories&post=92432"},{"taxonomy":"post_tag","embeddable":true,"href":"https:\/\/diarioregionaldigital.com.br\/index.php?rest_route=%2Fwp%2Fv2%2Ftags&post=92432"}],"curies":[{"name":"wp","href":"https:\/\/api.w.org\/{rel}","templated":true}]}}