{"id":92428,"date":"2018-02-22T21:11:07","date_gmt":"2018-02-23T00:11:07","guid":{"rendered":"http:\/\/diarioregionaljf.com.br\/2018\/02\/22\/descoberto-23-02-18\/"},"modified":"2018-08-13T20:36:42","modified_gmt":"2018-08-13T23:36:42","slug":"descoberto-23-02-18","status":"publish","type":"post","link":"https:\/\/diarioregionaldigital.com.br\/?p=92428","title":{"rendered":"Prefeitura Municipal De Descoberto Extrato De Contrato 23\/02\/18"},"content":{"rendered":"<p style=\"text-align: center;\"><span class=\"h4\">EXTRATO DE CONTRATO<\/span><br \/>Pref. Municipal de Descoberto x Biohosp Produtos Hospitalares Ltda &#8211; Objeto: Fornecimento de tiras reagentes para medi\u00e7\u00e3o de glicemia capilar e aparelhos glicos\u00edmetros &#8211; Fundamento: 1\u00aa Ades\u00e3o \u2013 Valor Global: 146.525,34\u2013 Vig\u00eancia: 12 meses\u2013 Dot or\u00e7: 02.05002.10.301.0004.285-339030\/102- Ass: 08\/02\/18- Foro: S\u00e3o Jo\u00e3o Nepomuceno\/MG.<\/p>\n<p class=\"h5\" style=\"text-align: center;\">Marcos de Ara\u00fajo Lima<br \/>Prefeito Municipal<\/p>\n","protected":false},"excerpt":{"rendered":"<p>EXTRATO DE CONTRATOPref. Municipal de Descoberto x Biohosp Produtos Hospitalares Ltda &#8211; Objeto: Fornecimento de tiras reagentes para medi\u00e7\u00e3o de glicemia capilar e aparelhos glicos\u00edmetros &#8211; Fundamento: 1\u00aa Ades\u00e3o \u2013 Valor Global: 146.525,34\u2013 Vig\u00eancia: 12 meses\u2013 Dot or\u00e7: 02.05002.10.301.0004.285-339030\/102- Ass: 08\/02\/18- Foro: S\u00e3o Jo\u00e3o Nepomuceno\/MG. Marcos de Ara\u00fajo LimaPrefeito Municipal<\/p>\n","protected":false},"author":96,"featured_media":0,"comment_status":"closed","ping_status":"closed","sticky":false,"template":"","format":"standard","meta":{"footnotes":""},"categories":[307],"tags":[],"class_list":["post-92428","post","type-post","status-publish","format-standard","hentry","category-editais"],"_links":{"self":[{"href":"https:\/\/diarioregionaldigital.com.br\/index.php?rest_route=\/wp\/v2\/posts\/92428","targetHints":{"allow":["GET"]}}],"collection":[{"href":"https:\/\/diarioregionaldigital.com.br\/index.php?rest_route=\/wp\/v2\/posts"}],"about":[{"href":"https:\/\/diarioregionaldigital.com.br\/index.php?rest_route=\/wp\/v2\/types\/post"}],"author":[{"embeddable":true,"href":"https:\/\/diarioregionaldigital.com.br\/index.php?rest_route=\/wp\/v2\/users\/96"}],"replies":[{"embeddable":true,"href":"https:\/\/diarioregionaldigital.com.br\/index.php?rest_route=%2Fwp%2Fv2%2Fcomments&post=92428"}],"version-history":[{"count":0,"href":"https:\/\/diarioregionaldigital.com.br\/index.php?rest_route=\/wp\/v2\/posts\/92428\/revisions"}],"wp:attachment":[{"href":"https:\/\/diarioregionaldigital.com.br\/index.php?rest_route=%2Fwp%2Fv2%2Fmedia&parent=92428"}],"wp:term":[{"taxonomy":"category","embeddable":true,"href":"https:\/\/diarioregionaldigital.com.br\/index.php?rest_route=%2Fwp%2Fv2%2Fcategories&post=92428"},{"taxonomy":"post_tag","embeddable":true,"href":"https:\/\/diarioregionaldigital.com.br\/index.php?rest_route=%2Fwp%2Fv2%2Ftags&post=92428"}],"curies":[{"name":"wp","href":"https:\/\/api.w.org\/{rel}","templated":true}]}}