{"id":92427,"date":"2018-02-22T20:59:51","date_gmt":"2018-02-22T23:59:51","guid":{"rendered":"http:\/\/diarioregionaljf.com.br\/2018\/02\/22\/molhar-os-pedestres-e-considerado-uma-infracao-de-transito\/"},"modified":"2018-02-22T20:59:51","modified_gmt":"2018-02-22T23:59:51","slug":"molhar-os-pedestres-e-considerado-uma-infracao-de-transito","status":"publish","type":"post","link":"https:\/\/diarioregionaldigital.com.br\/?p=92427","title":{"rendered":"Molhar os pedestres \u00e9 considerado uma infra\u00e7\u00e3o de tr\u00e2nsito"},"content":{"rendered":"<p>Uma infra\u00e7\u00e3o pouco conhecida pelos motoristas, mas que est\u00e1 prevista no C\u00f3digo de Tr\u00e2nsito Brasileiro (CTB) \u00e9 a de arremessar sobre os pedestres ou ve\u00edculos, \u00e1gua ou detritos. E grande parte das pessoas que andam pelas ruas durante uma tempestade j\u00e1 foi surpreendida por um jato de \u00e1gua. Na ter\u00e7a-feira, 20, a jornalista Helena Silva, de 28 anos, ficou toda \u201censopada\u201d enquanto trafegava a p\u00e9 pela Avenida Itamar Franco, altura do Bairro S\u00e3o Mateus, regi\u00e3o central. \u201cEstava chovendo, e eu ia para o trabalho, mas quando vi j\u00e1 estava toda molhada. Parecia que o motorista tinha feito de prop\u00f3sito. O problema \u00e9 que n\u00e3o pude voltar em casa para me trocar. Foi uma situa\u00e7\u00e3o muito constrangedora, sem solu\u00e7\u00e3o\u201d, conta.<\/p>\n<p>O artigo 171 do C\u00f3digo de Tr\u00e2nsito Brasileiro, diz que o motorista que for pego usando o carro para jogar \u00e1gua no pedestre ou em outro carro, ser\u00e1 multado e receber\u00e1 quatro pontos na Carteira Nacional de Habilita\u00e7\u00e3o (CNH). A multa pode chegar a R$130,16. Apesar da exist\u00eancia da lei, n\u00e3o \u00e9 sempre que os motoristas s\u00e3o penalizados. \u201c\u00c9 uma situa\u00e7\u00e3o muito complicada, porque nem sempre um agente de tr\u00e2nsito est\u00e1 no local para flagrar os infratores\u201d, explica a delegada de tr\u00e2nsito, Sheila Oliveira.<\/p>\n<p>Mas Sheila alerta que o pedestre anote a placa do carro caso consiga e dirija-se a uma delegacia mais pr\u00f3xima para formalizar a den\u00fancia. \u201cEm dias de chuva, o motorista precisa reduzir a velocidade devagar, ter aten\u00e7\u00e3o e respeitar o pedestre. Mas, caso o incidente ocorra, deve-se comunicar \u00e0 pol\u00edcia\u201d, refor\u00e7a. Cabe lembrar que n\u00e3o \u00e9 apenas o motorista que pode ser multado. O CTB prev\u00ea que a pessoa que jogar algum objeto no carro tamb\u00e9m pode ser penalizada.<\/p>\n","protected":false},"excerpt":{"rendered":"<p>Uma infra\u00e7\u00e3o pouco conhecida pelos motoristas, mas que est\u00e1 prevista no C\u00f3digo de Tr\u00e2nsito Brasileiro (CTB) \u00e9 a de arremessar sobre os pedestres ou ve\u00edculos, \u00e1gua ou detritos. E grande parte das pessoas que andam pelas ruas durante uma tempestade j\u00e1 foi surpreendida por um jato de \u00e1gua. Na ter\u00e7a-feira, 20, a jornalista Helena Silva, [&hellip;]<\/p>\n","protected":false},"author":96,"featured_media":92426,"comment_status":"closed","ping_status":"closed","sticky":false,"template":"","format":"standard","meta":{"footnotes":""},"categories":[253],"tags":[],"class_list":["post-92427","post","type-post","status-publish","format-standard","has-post-thumbnail","hentry","category-cidade"],"_links":{"self":[{"href":"https:\/\/diarioregionaldigital.com.br\/index.php?rest_route=\/wp\/v2\/posts\/92427","targetHints":{"allow":["GET"]}}],"collection":[{"href":"https:\/\/diarioregionaldigital.com.br\/index.php?rest_route=\/wp\/v2\/posts"}],"about":[{"href":"https:\/\/diarioregionaldigital.com.br\/index.php?rest_route=\/wp\/v2\/types\/post"}],"author":[{"embeddable":true,"href":"https:\/\/diarioregionaldigital.com.br\/index.php?rest_route=\/wp\/v2\/users\/96"}],"replies":[{"embeddable":true,"href":"https:\/\/diarioregionaldigital.com.br\/index.php?rest_route=%2Fwp%2Fv2%2Fcomments&post=92427"}],"version-history":[{"count":0,"href":"https:\/\/diarioregionaldigital.com.br\/index.php?rest_route=\/wp\/v2\/posts\/92427\/revisions"}],"wp:featuredmedia":[{"embeddable":true,"href":"https:\/\/diarioregionaldigital.com.br\/index.php?rest_route=\/wp\/v2\/media\/92426"}],"wp:attachment":[{"href":"https:\/\/diarioregionaldigital.com.br\/index.php?rest_route=%2Fwp%2Fv2%2Fmedia&parent=92427"}],"wp:term":[{"taxonomy":"category","embeddable":true,"href":"https:\/\/diarioregionaldigital.com.br\/index.php?rest_route=%2Fwp%2Fv2%2Fcategories&post=92427"},{"taxonomy":"post_tag","embeddable":true,"href":"https:\/\/diarioregionaldigital.com.br\/index.php?rest_route=%2Fwp%2Fv2%2Ftags&post=92427"}],"curies":[{"name":"wp","href":"https:\/\/api.w.org\/{rel}","templated":true}]}}