{"id":92422,"date":"2018-02-22T20:20:26","date_gmt":"2018-02-22T23:20:26","guid":{"rendered":"http:\/\/diarioregionaljf.com.br\/2018\/02\/22\/social-24\/"},"modified":"2018-02-22T20:20:26","modified_gmt":"2018-02-22T23:20:26","slug":"social-24","status":"publish","type":"post","link":"https:\/\/diarioregionaldigital.com.br\/?p=92422","title":{"rendered":"Social"},"content":{"rendered":"<p style=\"text-align: center;\"><span class=\"h4\">Cai&#8230; Cai<\/span><br \/>No Rio de Janeiro, al\u00e9m de Portela e Vila Isabel, Mangueira n\u00e3o assinou o manifesto pela perman\u00eancia da Grande Rio no Grupo Especial. Todos os segmentos da escola votaram contra: Conselho diretor, fiscal, de benem\u00e9ritos, de baluartes e superior. E tem mais: \u201cSe a Grande Rio n\u00e3o cair, o Imp\u00e9rio Serrano n\u00e3o pode cair\u201d, diz o presidente Chiquinho da Mangueira.<\/p>\n<p style=\"text-align: center;\"><span class=\"h4\">Sociais e Culturais<\/span><br \/>O reinado de momo terminou oficialmente na \u00faltima ter\u00e7a-feira, mas os ecos do carnaval ainda reverberam em exposi\u00e7\u00f5es que abordam a festa e suas rela\u00e7\u00f5es culturais e sociais. A Galeria de Arte do F\u00f3rum da Cultura da UFJF, exp\u00f5e Mascarada. A mostra exibe 26 pe\u00e7as de v\u00e1rios artistas em v\u00e1rias vertentes de uso da m\u00e1scara cultural, est\u00e9tica e industrial.<\/p>\n<p style=\"text-align: center;\"><span class=\"h4\">Bem-vinda<\/span><br \/>Muito criativa, Leymar Gbowee, a liberiana que ganhou o Pr\u00eamio Nobel da Paz em 2011, est\u00e1 com viagem marcada para o Brasil, no fim de mar\u00e7o. No Rio de Janeiro, ela participa de um f\u00f3rum de lideran\u00e7a feminina no qual, entre outros temas falar\u00e1 sobre a greve de sexo que orquestrou para acabar com a Guerra Civil na Lib\u00e9ria.<\/p>\n<p style=\"text-align: center;\"><span class=\"h4\">Sucesso<\/span><br \/>Causou impacto na Suprema, a palestra da m\u00e9dica alem\u00e3 Angela Kuck que falou sobre \u201cMedicina integrativa nos hospitais europeus com enfoque da medicina antropos\u00f3fica\u201d. Quem assistiu adorou, e quem n\u00e3o foi, pede bis.<\/p>\n<p style=\"text-align: center;\"><span class=\"h4\">Diva<\/span><br \/>A artista pl\u00e1stica juiz- forana Nequitz Miguel est\u00e1 nas nuvens. Ela foi eleita por unanimidade para ocupar a cadeira n\u00ba 36 da Academia Brasileira de Belas Artes. Ela \u00e9 a mais nova imortal. Foi tamb\u00e9m eleita a artista Matilde Franco de Ub\u00e1. Palmas para elas.<\/p>\n<p style=\"text-align: center;\"><span class=\"h3\">Social<\/span><br \/>Usando como cen\u00e1rio o amplo sal\u00e3o de festa do Edif\u00edcio Dr. Fernando Halfeld na Av. Rio Branco, o casal La\u00eds D\u2019\u00c2ngela Gomes da Rocha Azevedo e Nilo Azevedo ao lado do ex-militar Roberto Lu\u00eds da Rocha, receberam familiares e amigos para a comemora\u00e7\u00e3o dos 70 anos da elegante educadora Maria Rita Gomes da Rocha. Em ritmo mineiro, o buffet Botequim em Casa caprichou nos acepipes finos de boteco, regado a muito chopp, Wisky e cacha\u00e7as artesanais. Para embalar a noite, a boa m\u00fasica do Samba2 com os talentosos Davi Nascimento e Alexandre Rossmann. As fotos de Marc\u00edlio Gomes registram convidados especiais.<\/p>\n<p style=\"text-align: center;\"><img decoding=\"async\" class=\" size-full wp-image-92409\" src=\"http:\/\/diarioregionaljf.com.br\/wp-content\/uploads\/2018\/02\/diario-int-24410-1.JPG\" alt=\"fotoa.JPG\" width=\"680\" style=\"display: block; margin-left: auto; margin-right: auto;\" srcset=\"https:\/\/diarioregionaldigital.com.br\/wp-content\/uploads\/2018\/02\/diario-int-24410-1.JPG 680w, https:\/\/diarioregionaldigital.com.br\/wp-content\/uploads\/2018\/02\/diario-int-24410-1-300x199.jpg 300w, https:\/\/diarioregionaldigital.com.br\/wp-content\/uploads\/2018\/02\/diario-int-24410-1-360x238.jpg 360w\" sizes=\"(max-width: 680px) 100vw, 680px\" \/>Roberto Lu\u00eds da Rocha com os filhos Marcus Vin\u00edcius e Lais D\u2019\u00c2ngela, com a aniversariante Maria Rita Gomes da Rocha<\/p>\n<p style=\"text-align: center;\"><img decoding=\"async\" class=\" size-full wp-image-92410\" src=\"http:\/\/diarioregionaljf.com.br\/wp-content\/uploads\/2018\/02\/diario-int-24410-2.JPG\" alt=\"fotob.JPG\" width=\"680\" style=\"display: block; margin-left: auto; margin-right: auto;\" srcset=\"https:\/\/diarioregionaldigital.com.br\/wp-content\/uploads\/2018\/02\/diario-int-24410-2.JPG 675w, https:\/\/diarioregionaldigital.com.br\/wp-content\/uploads\/2018\/02\/diario-int-24410-2-300x200.jpg 300w, https:\/\/diarioregionaldigital.com.br\/wp-content\/uploads\/2018\/02\/diario-int-24410-2-360x240.jpg 360w\" sizes=\"(max-width: 675px) 100vw, 675px\" \/>Nilo Azevedo e Lais D\u2019\u00c2ngela Gomes da Rocha Azevedo<\/p>\n<p style=\"text-align: center;\"><img decoding=\"async\" class=\" size-full wp-image-92411\" src=\"http:\/\/diarioregionaljf.com.br\/wp-content\/uploads\/2018\/02\/diario-int-24410-3.jpg\" alt=\"fotoc.jpg\" width=\"680\" style=\"display: block; margin-left: auto; margin-right: auto;\" srcset=\"https:\/\/diarioregionaldigital.com.br\/wp-content\/uploads\/2018\/02\/diario-int-24410-3.jpg 680w, https:\/\/diarioregionaldigital.com.br\/wp-content\/uploads\/2018\/02\/diario-int-24410-3-300x169.jpg 300w, https:\/\/diarioregionaldigital.com.br\/wp-content\/uploads\/2018\/02\/diario-int-24410-3-360x203.jpg 360w\" sizes=\"(max-width: 680px) 100vw, 680px\" \/>Aparecida Gomes, Marcus Vin\u00edcius Gomes da Rocha, Patr\u00edcia Ramos Gomes Almeida, Raquel Ramos Gomes, Leonteth Ramos Gomes e Maria Paula Ramos Gomes<\/p>\n<p style=\"text-align: center;\"><img decoding=\"async\" class=\" size-full wp-image-92412\" src=\"http:\/\/diarioregionaljf.com.br\/wp-content\/uploads\/2018\/02\/diario-int-24410-4.jpg\" alt=\"fotod.jpg\" width=\"680\" style=\"display: block; margin-left: auto; margin-right: auto;\" srcset=\"https:\/\/diarioregionaldigital.com.br\/wp-content\/uploads\/2018\/02\/diario-int-24410-4.jpg 680w, https:\/\/diarioregionaldigital.com.br\/wp-content\/uploads\/2018\/02\/diario-int-24410-4-300x169.jpg 300w, https:\/\/diarioregionaldigital.com.br\/wp-content\/uploads\/2018\/02\/diario-int-24410-4-360x203.jpg 360w\" sizes=\"(max-width: 680px) 100vw, 680px\" \/>Eliane Eberle,Marc\u00edlio Gomes, Eloisa Eberle e Edna Eberle<\/p>\n<p style=\"text-align: center;\"><img decoding=\"async\" class=\" size-full wp-image-92413\" src=\"http:\/\/diarioregionaljf.com.br\/wp-content\/uploads\/2018\/02\/diario-int-24410-5.JPG\" alt=\"fotoe.JPG\" width=\"680\" style=\"display: block; margin-left: auto; margin-right: auto;\" srcset=\"https:\/\/diarioregionaldigital.com.br\/wp-content\/uploads\/2018\/02\/diario-int-24410-5.JPG 680w, https:\/\/diarioregionaldigital.com.br\/wp-content\/uploads\/2018\/02\/diario-int-24410-5-300x199.jpg 300w, https:\/\/diarioregionaldigital.com.br\/wp-content\/uploads\/2018\/02\/diario-int-24410-5-360x238.jpg 360w\" sizes=\"(max-width: 680px) 100vw, 680px\" \/>Lu\u00edsa Helena, Gustavo Caniato, Maria Eduarda e Carolina Gomes, Maria Rita Gomes da Rocha, Jussara Oliveira Gomes e Mauro Lu\u00eds Gomes<\/p>\n<p style=\"text-align: center;\"><img decoding=\"async\" class=\" size-full wp-image-92414\" src=\"http:\/\/diarioregionaljf.com.br\/wp-content\/uploads\/2018\/02\/diario-int-24410-6.JPG\" alt=\"fotof.JPG\" width=\"680\" style=\"display: block; margin-left: auto; margin-right: auto;\" srcset=\"https:\/\/diarioregionaldigital.com.br\/wp-content\/uploads\/2018\/02\/diario-int-24410-6.JPG 680w, https:\/\/diarioregionaldigital.com.br\/wp-content\/uploads\/2018\/02\/diario-int-24410-6-300x199.jpg 300w, https:\/\/diarioregionaldigital.com.br\/wp-content\/uploads\/2018\/02\/diario-int-24410-6-360x238.jpg 360w\" sizes=\"(max-width: 680px) 100vw, 680px\" \/>Fernando Gomes, Mirian e Val\u00e9ria Bianco, Maria Rita Gomes da Rocha, M\u00e1rcio Gomes e Tiago Bianco Gomes<\/p>\n<p style=\"text-align: center;\"><img decoding=\"async\" class=\" size-full wp-image-92415\" src=\"http:\/\/diarioregionaljf.com.br\/wp-content\/uploads\/2018\/02\/diario-int-24410-7.JPG\" alt=\"fotog.JPG\" width=\"680\" style=\"display: block; margin-left: auto; margin-right: auto;\" srcset=\"https:\/\/diarioregionaldigital.com.br\/wp-content\/uploads\/2018\/02\/diario-int-24410-7.JPG 680w, https:\/\/diarioregionaldigital.com.br\/wp-content\/uploads\/2018\/02\/diario-int-24410-7-300x199.jpg 300w, https:\/\/diarioregionaldigital.com.br\/wp-content\/uploads\/2018\/02\/diario-int-24410-7-360x238.jpg 360w\" sizes=\"(max-width: 680px) 100vw, 680px\" \/>Samba 2 com Davi Nascimento e Alexandre Rossmann e a aniversariante Maria Rita Gomes da Rocha<\/p>\n<p style=\"text-align: center;\"><img decoding=\"async\" class=\" size-full wp-image-92416\" src=\"http:\/\/diarioregionaljf.com.br\/wp-content\/uploads\/2018\/02\/diario-int-24410-8.jpg\" alt=\"fotoh.jpg\" width=\"680\" style=\"display: block; margin-left: auto; margin-right: auto;\" srcset=\"https:\/\/diarioregionaldigital.com.br\/wp-content\/uploads\/2018\/02\/diario-int-24410-8.jpg 680w, https:\/\/diarioregionaldigital.com.br\/wp-content\/uploads\/2018\/02\/diario-int-24410-8-300x169.jpg 300w, https:\/\/diarioregionaldigital.com.br\/wp-content\/uploads\/2018\/02\/diario-int-24410-8-360x203.jpg 360w\" sizes=\"(max-width: 680px) 100vw, 680px\" \/>Eduardo Gomes, Marcus Vin\u00edcius Gomes da Rocha, Marc\u00edlio Gomes e Rudolf Ramos Gomes<\/p>\n<p style=\"text-align: center;\"><img decoding=\"async\" class=\" size-full wp-image-92417\" src=\"http:\/\/diarioregionaljf.com.br\/wp-content\/uploads\/2018\/02\/diario-int-24410-9.JPG\" alt=\"fotoi.JPG\" width=\"680\" style=\"display: block; margin-left: auto; margin-right: auto;\" srcset=\"https:\/\/diarioregionaldigital.com.br\/wp-content\/uploads\/2018\/02\/diario-int-24410-9.JPG 680w, https:\/\/diarioregionaldigital.com.br\/wp-content\/uploads\/2018\/02\/diario-int-24410-9-300x199.jpg 300w, https:\/\/diarioregionaldigital.com.br\/wp-content\/uploads\/2018\/02\/diario-int-24410-9-360x238.jpg 360w\" sizes=\"(max-width: 680px) 100vw, 680px\" \/>Roberto Lu\u00eds da Rocha, S\u00edlvia Rocha, S\u00e9rgio Rocha, Maria Rita e Fernando Gomes<\/p>\n<p style=\"text-align: center;\"><img decoding=\"async\" class=\" size-full wp-image-92418\" src=\"http:\/\/diarioregionaljf.com.br\/wp-content\/uploads\/2018\/02\/diario-int-24410-10.JPG\" alt=\"fotoj.JPG\" width=\"680\" style=\"display: block; margin-left: auto; margin-right: auto;\" srcset=\"https:\/\/diarioregionaldigital.com.br\/wp-content\/uploads\/2018\/02\/diario-int-24410-10.JPG 680w, https:\/\/diarioregionaldigital.com.br\/wp-content\/uploads\/2018\/02\/diario-int-24410-10-300x199.jpg 300w, https:\/\/diarioregionaldigital.com.br\/wp-content\/uploads\/2018\/02\/diario-int-24410-10-360x238.jpg 360w\" sizes=\"(max-width: 680px) 100vw, 680px\" \/>Rudolf Ramos Gomes e Suellen Pereira Ramos Gomes<\/p>\n<p style=\"text-align: center;\"><img decoding=\"async\" class=\" size-full wp-image-92419\" src=\"http:\/\/diarioregionaljf.com.br\/wp-content\/uploads\/2018\/02\/diario-int-24410-11.JPG\" alt=\"fotol.JPG\" width=\"680\" style=\"display: block; margin-left: auto; margin-right: auto;\" srcset=\"https:\/\/diarioregionaldigital.com.br\/wp-content\/uploads\/2018\/02\/diario-int-24410-11.JPG 680w, https:\/\/diarioregionaldigital.com.br\/wp-content\/uploads\/2018\/02\/diario-int-24410-11-300x199.jpg 300w, https:\/\/diarioregionaldigital.com.br\/wp-content\/uploads\/2018\/02\/diario-int-24410-11-360x238.jpg 360w\" sizes=\"(max-width: 680px) 100vw, 680px\" \/>Alexandra Nobrega, Valentina, Maria Rita, Eduardo e Bernardo Rocha Azevedo, Cec\u00edlia e Jana\u00edna e Marcelo Ribeiro<\/p>\n<p style=\"text-align: center;\"><img decoding=\"async\" class=\" size-full wp-image-92420\" src=\"http:\/\/diarioregionaljf.com.br\/wp-content\/uploads\/2018\/02\/diario-int-24410-12.JPG\" alt=\"fotom.JPG\" width=\"680\" style=\"display: block; margin-left: auto; margin-right: auto;\" srcset=\"https:\/\/diarioregionaldigital.com.br\/wp-content\/uploads\/2018\/02\/diario-int-24410-12.JPG 680w, https:\/\/diarioregionaldigital.com.br\/wp-content\/uploads\/2018\/02\/diario-int-24410-12-300x199.jpg 300w, https:\/\/diarioregionaldigital.com.br\/wp-content\/uploads\/2018\/02\/diario-int-24410-12-360x238.jpg 360w\" sizes=\"(max-width: 680px) 100vw, 680px\" \/>\u00c2ngela Eberle, Maria Rita Gomes da Rocha e Alexandra N\u00f3brega<\/p>\n<p style=\"text-align: center;\"><img decoding=\"async\" class=\" size-full wp-image-92421\" src=\"http:\/\/diarioregionaljf.com.br\/wp-content\/uploads\/2018\/02\/diario-int-24410-13.JPG\" alt=\"fotonultima.JPG\" width=\"680\" style=\"display: block; margin-left: auto; margin-right: auto;\" srcset=\"https:\/\/diarioregionaldigital.com.br\/wp-content\/uploads\/2018\/02\/diario-int-24410-13.JPG 680w, https:\/\/diarioregionaldigital.com.br\/wp-content\/uploads\/2018\/02\/diario-int-24410-13-300x199.jpg 300w, https:\/\/diarioregionaldigital.com.br\/wp-content\/uploads\/2018\/02\/diario-int-24410-13-360x238.jpg 360w\" sizes=\"(max-width: 680px) 100vw, 680px\" \/>O feliz e querido casal, Roberto Lu\u00eds da Rocha e Maria Rita Gomes da Rocha<\/p>\n<p class=\"h4\" style=\"text-align: center;\">FOTOSS\u00cdNTESE<\/p>\n<p>Com apurad\u00edssimo gosto musical, Alzira Bianco e Marcelo Souza se apresentam no Savoir-Fare, nesta 6\u00aa feira, as 20h30.<\/p>\n<p>Para animar a galera, no s\u00e1bado, 24, o Grupo Segredo se apresenta no Bar da Laje, em Santa Luzia.<\/p>\n<p>A cantora l\u00edrica mirim Beatriz Guercio, tem se revelado uma grata surpresa nos meios musicais em Juiz de Fora e regi\u00e3o. O trabalho dela pode e deve ser compartilhado no youtube.<\/p>\n<p>Digno de elogios, o atleta juiz-forano Francisco Perrout (18 anos), conquistou medalha de bronze no sul-americano sub-20 no Pan de Atletismo Cross Country em El Salvador. Ele representou o Brasil, pela sele\u00e7\u00e3o brasileira. (CRIA-UFJF).<\/p>\n<p>Em clima festivo, o m\u00e9dico \u2013 gastroenterologista J\u00falio Chebli toma posse no s\u00e1bado, 24, na Academia Mineira de Medicina. Ele vai ocupar a cadeira n\u00famero 5, que tem como patrono Henrique Marques Lisboa.<\/p>\n<p>A C\u00e2mara Municipal de Juiz de Fora assinou o contrato com a empresa Consulpam, de Fortaleza, respons\u00e1vel pela realiza\u00e7\u00e3o do concurso p\u00fablico para cargos de n\u00edvel m\u00e9dio e superior.<\/p>\n<p>Ser\u00e1 no dia 02 de mar\u00e7o, a t\u00e3o esperada inaugura\u00e7\u00e3o do Teatro Paschoal Carlos Magno. O teatro contou, na reta final, com recursos da Codemig.<\/p>\n<p>Muito querido em Juiz de Fora, Osvaldo Alves Pereira, o Noca da Portela, vai receber o titulo de cidad\u00e3o honor\u00e1rio de Juiz de Fora, em iniciativa do vereador Wanderson Castelar.<\/p>\n<p>A reitoria est\u00e1 apresentando no sagu\u00e3o do pr\u00e9dio na UFJF, as fotos premiadas no 1\u00ba Concurso de Fotografia da UFJF.<\/p>\n<p>At\u00e9 02 de mar\u00e7o, o F\u00f3rum da Cultura da UFJF, apresenta v\u00e1rios artistas expondo o tema Senhoras das \u00c1guas. S\u00e3o trabalhos que retratam duas figuras religiosas: Iemanj\u00e1 e Nossa Senhora dos Navegantes, consideradas protetoras dos pescadores e navegantes.<\/p>\n<p>Ser\u00e1 inaugurado em mar\u00e7o, seis n\u00facleos da escolinha de futebol do Atl\u00e9tico Paranaense, em Juiz de Fora. Vibrando ao anunciar, S\u00e9rgio Augusto de Almeida.<\/p>\n<p>Voc\u00ea sabia? Ao longo dos s\u00e9culos, ainda que perseguidos, os m\u00e1gicos sempre tiveram p\u00fablico para seus shows. Bom dia.<\/p>\n","protected":false},"excerpt":{"rendered":"<p>Cai&#8230; CaiNo Rio de Janeiro, al\u00e9m de Portela e Vila Isabel, Mangueira n\u00e3o assinou o manifesto pela perman\u00eancia da Grande Rio no Grupo Especial. Todos os segmentos da escola votaram contra: Conselho diretor, fiscal, de benem\u00e9ritos, de baluartes e superior. E tem mais: \u201cSe a Grande Rio n\u00e3o cair, o Imp\u00e9rio Serrano n\u00e3o pode cair\u201d, [&hellip;]<\/p>\n","protected":false},"author":96,"featured_media":92408,"comment_status":"closed","ping_status":"closed","sticky":false,"template":"","format":"standard","meta":{"footnotes":""},"categories":[264],"tags":[],"class_list":["post-92422","post","type-post","status-publish","format-standard","has-post-thumbnail","hentry","category-eduardo-gomes"],"_links":{"self":[{"href":"https:\/\/diarioregionaldigital.com.br\/index.php?rest_route=\/wp\/v2\/posts\/92422","targetHints":{"allow":["GET"]}}],"collection":[{"href":"https:\/\/diarioregionaldigital.com.br\/index.php?rest_route=\/wp\/v2\/posts"}],"about":[{"href":"https:\/\/diarioregionaldigital.com.br\/index.php?rest_route=\/wp\/v2\/types\/post"}],"author":[{"embeddable":true,"href":"https:\/\/diarioregionaldigital.com.br\/index.php?rest_route=\/wp\/v2\/users\/96"}],"replies":[{"embeddable":true,"href":"https:\/\/diarioregionaldigital.com.br\/index.php?rest_route=%2Fwp%2Fv2%2Fcomments&post=92422"}],"version-history":[{"count":0,"href":"https:\/\/diarioregionaldigital.com.br\/index.php?rest_route=\/wp\/v2\/posts\/92422\/revisions"}],"wp:featuredmedia":[{"embeddable":true,"href":"https:\/\/diarioregionaldigital.com.br\/index.php?rest_route=\/wp\/v2\/media\/92408"}],"wp:attachment":[{"href":"https:\/\/diarioregionaldigital.com.br\/index.php?rest_route=%2Fwp%2Fv2%2Fmedia&parent=92422"}],"wp:term":[{"taxonomy":"category","embeddable":true,"href":"https:\/\/diarioregionaldigital.com.br\/index.php?rest_route=%2Fwp%2Fv2%2Fcategories&post=92422"},{"taxonomy":"post_tag","embeddable":true,"href":"https:\/\/diarioregionaldigital.com.br\/index.php?rest_route=%2Fwp%2Fv2%2Ftags&post=92422"}],"curies":[{"name":"wp","href":"https:\/\/api.w.org\/{rel}","templated":true}]}}