{"id":92405,"date":"2018-02-22T19:37:45","date_gmt":"2018-02-22T22:37:45","guid":{"rendered":"http:\/\/diarioregionaljf.com.br\/2018\/02\/22\/servidores-da-amac-protestam-contra-chamamento-publico-da-pjf\/"},"modified":"2018-02-22T19:37:45","modified_gmt":"2018-02-22T22:37:45","slug":"servidores-da-amac-protestam-contra-chamamento-publico-da-pjf","status":"publish","type":"post","link":"https:\/\/diarioregionaldigital.com.br\/?p=92405","title":{"rendered":"Servidores da Amac protestam contra chamamento p\u00fablico da PJF"},"content":{"rendered":"<p>Ap\u00f3s paralisarem as atividades, servidores da Associa\u00e7\u00e3o Municipal de Apoio Comunit\u00e1rio (Amac) se reuniram em frente \u00e0 C\u00e2mara Municipal, na manh\u00e3 desta quinta-feira, 22, para reivindicar contra o chamamento p\u00fablico realizado pela Prefeitura de Juiz de Fora (PJF), que pode transferir os servi\u00e7os assistenciais do munic\u00edpio para uma empresa de Belo Horizonte. Segundo o presidente do Sindicato dos Servidores P\u00fablicos Municipais (Sinserpu), Amarildo Romanazzi, o processo est\u00e1 repleto de irregularidades.<\/p>\n<p>\u201cO Sinserpu foi informado de que h\u00e1 irregularidades nos editais elaborados pela secretaria de Desenvolvimento Social (SDS) para favorecer a empresa [de Belo Horizonte]. Se a PJF n\u00e3o corrigir as falhas, mais de 300 empregos ser\u00e3o exterminados, resultando na precariedade do servi\u00e7o prestado. Sem falar que a empresa que est\u00e1 chegando n\u00e3o tem nenhuma experi\u00eancia com esse tipo de trabalho\u201d, afirma.<\/p>\n<p>De acordo com o sindicato, cerca de 70% dos funcion\u00e1rios da Amac aderiram ao movimento, que tamb\u00e9m foi marcado pelo protesto em rela\u00e7\u00e3o ao reajuste salarial da categoria e benef\u00edcios, que ainda n\u00e3o foram pagos pela Prefeitura. A assistente social da Amac, Regina Cunha disse que os requisitos do edital impossibilitaram que entidades reconhecidas pela presta\u00e7\u00e3o do servi\u00e7o participassem. \u201cDesde o in\u00edcio do ano, as entidades v\u00eam se reunindo com a Prefeitura para questionar o chamamento p\u00fablico. As reuni\u00f5es realizadas n\u00e3o foram satisfat\u00f3rias. Isso coloca em risco a assist\u00eancia social do munic\u00edpio, que \u00e9 respons\u00e1vel por atender fam\u00edlias em situa\u00e7\u00e3o de vulnerabilidade\u201d, comenta.<\/p>\n<p>Em nota, a SDS afirma que realiza o chamamento p\u00fablico em cumprimento \u00e0 Lei Federal 13.019\/14, \u201cque oferece oportunidades iguais e transpar\u00eancia no processo para firmar &#8216;termos de colabora\u00e7\u00e3o&#8217; com as Organiza\u00e7\u00f5es da Sociedade Civil. Entidades interessadas em estabelecerem parceria com a Prefeitura de Juiz de Fora (PJF) tiveram acesso igual aos editais publicados no Atos do Governo da PJF. Sobre os resultados e pontua\u00e7\u00f5es, os movimentos da sociedade civil fazem parte do processo democr\u00e1tico. Existe, ainda, a possibilidade de quaisquer participantes ingressarem com recursos relativos aos resultados&#8221;.<\/p>\n<p>No in\u00edcio do m\u00eas, a categoria se reuniu para definir a mobiliza\u00e7\u00e3o. Conforme o presidente do sindicato, uma audi\u00eancia p\u00fablica havia sido marcada para a data de hoje, mas a C\u00e2mara optou por cancelar sem revelar os motivos. A reportagem do Di\u00e1rio Regional entrou em contato com a casa e aguarda o pronunciamento.<\/p>\n","protected":false},"excerpt":{"rendered":"<p>Ap\u00f3s paralisarem as atividades, servidores da Associa\u00e7\u00e3o Municipal de Apoio Comunit\u00e1rio (Amac) se reuniram em frente \u00e0 C\u00e2mara Municipal, na manh\u00e3 desta quinta-feira, 22, para reivindicar contra o chamamento p\u00fablico realizado pela Prefeitura de Juiz de Fora (PJF), que pode transferir os servi\u00e7os assistenciais do munic\u00edpio para uma empresa de Belo Horizonte. Segundo o presidente [&hellip;]<\/p>\n","protected":false},"author":96,"featured_media":92404,"comment_status":"closed","ping_status":"closed","sticky":false,"template":"","format":"standard","meta":{"footnotes":""},"categories":[253],"tags":[],"class_list":["post-92405","post","type-post","status-publish","format-standard","has-post-thumbnail","hentry","category-cidade"],"_links":{"self":[{"href":"https:\/\/diarioregionaldigital.com.br\/index.php?rest_route=\/wp\/v2\/posts\/92405","targetHints":{"allow":["GET"]}}],"collection":[{"href":"https:\/\/diarioregionaldigital.com.br\/index.php?rest_route=\/wp\/v2\/posts"}],"about":[{"href":"https:\/\/diarioregionaldigital.com.br\/index.php?rest_route=\/wp\/v2\/types\/post"}],"author":[{"embeddable":true,"href":"https:\/\/diarioregionaldigital.com.br\/index.php?rest_route=\/wp\/v2\/users\/96"}],"replies":[{"embeddable":true,"href":"https:\/\/diarioregionaldigital.com.br\/index.php?rest_route=%2Fwp%2Fv2%2Fcomments&post=92405"}],"version-history":[{"count":0,"href":"https:\/\/diarioregionaldigital.com.br\/index.php?rest_route=\/wp\/v2\/posts\/92405\/revisions"}],"wp:featuredmedia":[{"embeddable":true,"href":"https:\/\/diarioregionaldigital.com.br\/index.php?rest_route=\/wp\/v2\/media\/92404"}],"wp:attachment":[{"href":"https:\/\/diarioregionaldigital.com.br\/index.php?rest_route=%2Fwp%2Fv2%2Fmedia&parent=92405"}],"wp:term":[{"taxonomy":"category","embeddable":true,"href":"https:\/\/diarioregionaldigital.com.br\/index.php?rest_route=%2Fwp%2Fv2%2Fcategories&post=92405"},{"taxonomy":"post_tag","embeddable":true,"href":"https:\/\/diarioregionaldigital.com.br\/index.php?rest_route=%2Fwp%2Fv2%2Ftags&post=92405"}],"curies":[{"name":"wp","href":"https:\/\/api.w.org\/{rel}","templated":true}]}}