{"id":92403,"date":"2018-02-22T19:32:22","date_gmt":"2018-02-22T22:32:22","guid":{"rendered":"http:\/\/diarioregionaljf.com.br\/2018\/02\/22\/senado-cria-comissao-temporaria-para-acompanhar-a-intervencao-federal-no-rj\/"},"modified":"2018-02-22T19:32:22","modified_gmt":"2018-02-22T22:32:22","slug":"senado-cria-comissao-temporaria-para-acompanhar-a-intervencao-federal-no-rj","status":"publish","type":"post","link":"https:\/\/diarioregionaldigital.com.br\/?p=92403","title":{"rendered":"Senado cria comiss\u00e3o tempor\u00e1ria para acompanhar a interven\u00e7\u00e3o federal no RJ"},"content":{"rendered":"<p>O Plen\u00e1rio do Senado aprovou nessa quarta-feira, 21, um requerimento do senador Randolfe Rodrigues (Rede-AP) para cria\u00e7\u00e3o de uma comiss\u00e3o tempor\u00e1ria externa com tr\u00eas senadores titulares e outros tr\u00eas suplentes para acompanhar a execu\u00e7\u00e3o e os desdobramentos da interven\u00e7\u00e3o federal na seguran\u00e7a p\u00fablica do estado do Rio de Janeiro.<\/p>\n<p>Na ter\u00e7a-feira, 20, o Plen\u00e1rio do Senado aprovou o decreto do presidente Michel Temer que deu in\u00edcio \u00e0 interven\u00e7\u00e3o. A comiss\u00e3o funcionar\u00e1 durante um ano.<\/p>\n<p>De acordo com Randolfe, o decreto de interven\u00e7\u00e3o no Rio de Janeiro \u00e9 o primeiro desde a promulga\u00e7\u00e3o da Constitui\u00e7\u00e3o de 1988 e \u00e9 uma medida dr\u00e1stica que precisa ser acompanhada e fiscalizada pelo Congresso Nacional.<\/p>\n<p>\u201cA interven\u00e7\u00e3o federal em conjunto com a nossa recente redemocratiza\u00e7\u00e3o resgata mem\u00f3rias de arbitrariedades cometidas pelas For\u00e7as Armadas no passado, e por isso a necessidade de se ter membros do Senado Federal acompanhando o desdobramento e execu\u00e7\u00e3o das opera\u00e7\u00f5es militares e policiais. Organiza\u00e7\u00f5es de direitos humanos j\u00e1 manifestam preocupa\u00e7\u00e3o com excessos\u201d, afirma Randolfe na justifica\u00e7\u00e3o do requerimento.<\/p>\n<p>Fonte: Ag\u00eancia Senado<\/p>\n","protected":false},"excerpt":{"rendered":"<p>O Plen\u00e1rio do Senado aprovou nessa quarta-feira, 21, um requerimento do senador Randolfe Rodrigues (Rede-AP) para cria\u00e7\u00e3o de uma comiss\u00e3o tempor\u00e1ria externa com tr\u00eas senadores titulares e outros tr\u00eas suplentes para acompanhar a execu\u00e7\u00e3o e os desdobramentos da interven\u00e7\u00e3o federal na seguran\u00e7a p\u00fablica do estado do Rio de Janeiro. Na ter\u00e7a-feira, 20, o Plen\u00e1rio do [&hellip;]<\/p>\n","protected":false},"author":96,"featured_media":92402,"comment_status":"closed","ping_status":"closed","sticky":false,"template":"","format":"standard","meta":{"footnotes":""},"categories":[254],"tags":[],"class_list":["post-92403","post","type-post","status-publish","format-standard","has-post-thumbnail","hentry","category-politica"],"_links":{"self":[{"href":"https:\/\/diarioregionaldigital.com.br\/index.php?rest_route=\/wp\/v2\/posts\/92403","targetHints":{"allow":["GET"]}}],"collection":[{"href":"https:\/\/diarioregionaldigital.com.br\/index.php?rest_route=\/wp\/v2\/posts"}],"about":[{"href":"https:\/\/diarioregionaldigital.com.br\/index.php?rest_route=\/wp\/v2\/types\/post"}],"author":[{"embeddable":true,"href":"https:\/\/diarioregionaldigital.com.br\/index.php?rest_route=\/wp\/v2\/users\/96"}],"replies":[{"embeddable":true,"href":"https:\/\/diarioregionaldigital.com.br\/index.php?rest_route=%2Fwp%2Fv2%2Fcomments&post=92403"}],"version-history":[{"count":0,"href":"https:\/\/diarioregionaldigital.com.br\/index.php?rest_route=\/wp\/v2\/posts\/92403\/revisions"}],"wp:featuredmedia":[{"embeddable":true,"href":"https:\/\/diarioregionaldigital.com.br\/index.php?rest_route=\/wp\/v2\/media\/92402"}],"wp:attachment":[{"href":"https:\/\/diarioregionaldigital.com.br\/index.php?rest_route=%2Fwp%2Fv2%2Fmedia&parent=92403"}],"wp:term":[{"taxonomy":"category","embeddable":true,"href":"https:\/\/diarioregionaldigital.com.br\/index.php?rest_route=%2Fwp%2Fv2%2Fcategories&post=92403"},{"taxonomy":"post_tag","embeddable":true,"href":"https:\/\/diarioregionaldigital.com.br\/index.php?rest_route=%2Fwp%2Fv2%2Ftags&post=92403"}],"curies":[{"name":"wp","href":"https:\/\/api.w.org\/{rel}","templated":true}]}}