{"id":92401,"date":"2018-02-22T19:25:29","date_gmt":"2018-02-22T22:25:29","guid":{"rendered":"http:\/\/diarioregionaljf.com.br\/2018\/02\/22\/frente-parlamentar-quer-votar-revogacao-do-estatuto-do-desarmamento\/"},"modified":"2018-02-22T19:25:29","modified_gmt":"2018-02-22T22:25:29","slug":"frente-parlamentar-quer-votar-revogacao-do-estatuto-do-desarmamento","status":"publish","type":"post","link":"https:\/\/diarioregionaldigital.com.br\/?p=92401","title":{"rendered":"Frente Parlamentar quer votar revoga\u00e7\u00e3o do Estatuto do Desarmamento"},"content":{"rendered":"<p>O coordenador da Frente Parlamentar em Defesa da Seguran\u00e7a P\u00fablica, deputado Alberto Fraga (DEM-DF), quer que o projeto (PL 3722\/12) que revoga o Estatuto do Desarmamento (Lei 10.826\/03) seja colocado em pauta no Plen\u00e1rio durante o esfor\u00e7o de vota\u00e7\u00e3o em torno do tema seguran\u00e7a p\u00fablica. A proposta foi aprovada em comiss\u00e3o especial em 2015.<\/p>\n<p>O projeto, tamb\u00e9m chamado de Estatuto de Controle de Armas de Fogo, pretende facilitar a posse de armas em casa pelos cidad\u00e3os, retirando a exig\u00eancia de que seja comprovada a necessidade da arma. Segundo Fraga, essa avalia\u00e7\u00e3o \u00e9 muito subjetiva. \u201cFicou uma coisa muito subjetiva e \u00e9 o delegado que decide. Ou seja, se ele gostar de voc\u00ea, ele concede. Se ele n\u00e3o gostar&#8230; A flexibiliza\u00e7\u00e3o que a gente est\u00e1 querendo fazer no estatuto \u00e9 retirar esse ponto que infelizmente fica ao poder discricion\u00e1rio do delegado\u201d, observou o deputado.<\/p>\n<p>Pelo texto, seriam mantidas as exig\u00eancias de n\u00e3o ter antecedentes criminais, comprovar curso de tiro e fazer exame psicot\u00e9cnico.<\/p>\n<h4>&nbsp;<\/h4>\n<h4>VOTO VENCIDO<\/h4>\n<p>O deputado Paulo Teixeira (PT-SP), voto vencido na comiss\u00e3o especial sobre o assunto, disse que aumentar as armas em circula\u00e7\u00e3o \u00e9 aumentar as mortes. &#8220;Hoje est\u00e1 comprovado que quanto mais armas ficarem na disponibilidade das pessoas, mais assassinatos ser\u00e3o cometidos. \u00c0s vezes por motivos f\u00fateis, uma briga de fam\u00edlia, uma briga de vizinhos, uma briga de bar. Outros, porque o pr\u00f3prio bandido, ao entrar na casa, pega a arma.&#8221;<\/p>\n<p>Entre outras mudan\u00e7as, o texto tamb\u00e9m reduz de 25 para 21 anos a idade m\u00ednima para a compra de armas no pa\u00eds.<\/p>\n<p>Fonte: Ag\u00eancia C\u00e2mara Not\u00edcias<\/p>\n","protected":false},"excerpt":{"rendered":"<p>O coordenador da Frente Parlamentar em Defesa da Seguran\u00e7a P\u00fablica, deputado Alberto Fraga (DEM-DF), quer que o projeto (PL 3722\/12) que revoga o Estatuto do Desarmamento (Lei 10.826\/03) seja colocado em pauta no Plen\u00e1rio durante o esfor\u00e7o de vota\u00e7\u00e3o em torno do tema seguran\u00e7a p\u00fablica. A proposta foi aprovada em comiss\u00e3o especial em 2015. O [&hellip;]<\/p>\n","protected":false},"author":96,"featured_media":92400,"comment_status":"closed","ping_status":"closed","sticky":false,"template":"","format":"standard","meta":{"footnotes":""},"categories":[254],"tags":[],"class_list":["post-92401","post","type-post","status-publish","format-standard","has-post-thumbnail","hentry","category-politica"],"_links":{"self":[{"href":"https:\/\/diarioregionaldigital.com.br\/index.php?rest_route=\/wp\/v2\/posts\/92401","targetHints":{"allow":["GET"]}}],"collection":[{"href":"https:\/\/diarioregionaldigital.com.br\/index.php?rest_route=\/wp\/v2\/posts"}],"about":[{"href":"https:\/\/diarioregionaldigital.com.br\/index.php?rest_route=\/wp\/v2\/types\/post"}],"author":[{"embeddable":true,"href":"https:\/\/diarioregionaldigital.com.br\/index.php?rest_route=\/wp\/v2\/users\/96"}],"replies":[{"embeddable":true,"href":"https:\/\/diarioregionaldigital.com.br\/index.php?rest_route=%2Fwp%2Fv2%2Fcomments&post=92401"}],"version-history":[{"count":0,"href":"https:\/\/diarioregionaldigital.com.br\/index.php?rest_route=\/wp\/v2\/posts\/92401\/revisions"}],"wp:featuredmedia":[{"embeddable":true,"href":"https:\/\/diarioregionaldigital.com.br\/index.php?rest_route=\/wp\/v2\/media\/92400"}],"wp:attachment":[{"href":"https:\/\/diarioregionaldigital.com.br\/index.php?rest_route=%2Fwp%2Fv2%2Fmedia&parent=92401"}],"wp:term":[{"taxonomy":"category","embeddable":true,"href":"https:\/\/diarioregionaldigital.com.br\/index.php?rest_route=%2Fwp%2Fv2%2Fcategories&post=92401"},{"taxonomy":"post_tag","embeddable":true,"href":"https:\/\/diarioregionaldigital.com.br\/index.php?rest_route=%2Fwp%2Fv2%2Ftags&post=92401"}],"curies":[{"name":"wp","href":"https:\/\/api.w.org\/{rel}","templated":true}]}}