{"id":92399,"date":"2018-02-22T19:21:32","date_gmt":"2018-02-22T22:21:32","guid":{"rendered":"http:\/\/diarioregionaljf.com.br\/2018\/02\/22\/pm-apreende-mais-de-900-buchas-de-maconha-em-belo-horizonte\/"},"modified":"2018-02-22T19:21:32","modified_gmt":"2018-02-22T22:21:32","slug":"pm-apreende-mais-de-900-buchas-de-maconha-em-belo-horizonte","status":"publish","type":"post","link":"https:\/\/diarioregionaldigital.com.br\/?p=92399","title":{"rendered":"PM apreende mais de 900 buchas de maconha em Belo Horizonte"},"content":{"rendered":"<p>A Pol\u00edcia Militar (PM) apreendeu 940 buchas de maconha no bairro Primavera, regi\u00e3o Noroeste de Belo Horizonte (a cerca de 273 Km de Juiz de Fora). A a\u00e7\u00e3o foi desencadeada ap\u00f3s recebimento de den\u00fancia an\u00f4nima informando sobre a realiza\u00e7\u00e3o de tr\u00e1fico de drogas na Avenida Minas Gerais, esquina com Rua Col\u00f4mbia.<\/p>\n<p>De posse das informa\u00e7\u00f5es, os militares realizaram uma opera\u00e7\u00e3o no referido endere\u00e7o. A a\u00e7\u00e3o resultou na abordagem a um indiv\u00edduo suspeito, com o qual foi localizada a quantia de R$318 em dinheiro. Durante buscas na resid\u00eancia do homem, no bairro Primavera, foram localizados tr\u00eas pinos de coca\u00edna, quatro aparelhos de telefone celular, uma balan\u00e7a de precis\u00e3o e um dichavador de maconha. Nos arredores do im\u00f3vel, os militares localizaram uma sacola pl\u00e1stica que continha 940 buchas de maconha.<\/p>\n<p>O homem e os materiais apreendidos foram encaminhados para Delegacia de Pol\u00edcia Civil, para provid\u00eancias cab\u00edveis.<\/p>\n<p>&nbsp;<\/p>\n<p>Da reda\u00e7\u00e3o\/Colabora\u00e7\u00e3o: Assessoria PMMG<\/p>\n","protected":false},"excerpt":{"rendered":"<p>A Pol\u00edcia Militar (PM) apreendeu 940 buchas de maconha no bairro Primavera, regi\u00e3o Noroeste de Belo Horizonte (a cerca de 273 Km de Juiz de Fora). A a\u00e7\u00e3o foi desencadeada ap\u00f3s recebimento de den\u00fancia an\u00f4nima informando sobre a realiza\u00e7\u00e3o de tr\u00e1fico de drogas na Avenida Minas Gerais, esquina com Rua Col\u00f4mbia. De posse das informa\u00e7\u00f5es, [&hellip;]<\/p>\n","protected":false},"author":96,"featured_media":92398,"comment_status":"closed","ping_status":"closed","sticky":false,"template":"","format":"standard","meta":{"footnotes":""},"categories":[252],"tags":[],"class_list":["post-92399","post","type-post","status-publish","format-standard","has-post-thumbnail","hentry","category-regiao"],"_links":{"self":[{"href":"https:\/\/diarioregionaldigital.com.br\/index.php?rest_route=\/wp\/v2\/posts\/92399","targetHints":{"allow":["GET"]}}],"collection":[{"href":"https:\/\/diarioregionaldigital.com.br\/index.php?rest_route=\/wp\/v2\/posts"}],"about":[{"href":"https:\/\/diarioregionaldigital.com.br\/index.php?rest_route=\/wp\/v2\/types\/post"}],"author":[{"embeddable":true,"href":"https:\/\/diarioregionaldigital.com.br\/index.php?rest_route=\/wp\/v2\/users\/96"}],"replies":[{"embeddable":true,"href":"https:\/\/diarioregionaldigital.com.br\/index.php?rest_route=%2Fwp%2Fv2%2Fcomments&post=92399"}],"version-history":[{"count":0,"href":"https:\/\/diarioregionaldigital.com.br\/index.php?rest_route=\/wp\/v2\/posts\/92399\/revisions"}],"wp:featuredmedia":[{"embeddable":true,"href":"https:\/\/diarioregionaldigital.com.br\/index.php?rest_route=\/wp\/v2\/media\/92398"}],"wp:attachment":[{"href":"https:\/\/diarioregionaldigital.com.br\/index.php?rest_route=%2Fwp%2Fv2%2Fmedia&parent=92399"}],"wp:term":[{"taxonomy":"category","embeddable":true,"href":"https:\/\/diarioregionaldigital.com.br\/index.php?rest_route=%2Fwp%2Fv2%2Fcategories&post=92399"},{"taxonomy":"post_tag","embeddable":true,"href":"https:\/\/diarioregionaldigital.com.br\/index.php?rest_route=%2Fwp%2Fv2%2Ftags&post=92399"}],"curies":[{"name":"wp","href":"https:\/\/api.w.org\/{rel}","templated":true}]}}