{"id":92397,"date":"2018-02-22T19:20:09","date_gmt":"2018-02-22T22:20:09","guid":{"rendered":"http:\/\/diarioregionaljf.com.br\/2018\/02\/22\/projeto-exige-plebiscito-para-instalacao-de-base-militar-estrangeira-no-brasil\/"},"modified":"2018-02-22T19:20:09","modified_gmt":"2018-02-22T22:20:09","slug":"projeto-exige-plebiscito-para-instalacao-de-base-militar-estrangeira-no-brasil","status":"publish","type":"post","link":"https:\/\/diarioregionaldigital.com.br\/?p=92397","title":{"rendered":"Projeto exige plebiscito para instala\u00e7\u00e3o de base militar estrangeira no Brasil"},"content":{"rendered":"<p>O deputado Glauber Braga (Psol-RJ) apresentou \u00e0 C\u00e2mara dos Deputados proposta para determinar que bases militares estrangeiras s\u00f3 possam ser instaladas permanentemente no Brasil se a popula\u00e7\u00e3o aprovar por meio de plebiscito.<\/p>\n<p>A medida est\u00e1 prevista no Projeto de Lei Complementar 466\/17, que acrescenta um artigo \u00e0 Lei Complementar 90\/97, que determina os casos em que for\u00e7as estrangeiras possam transitar pelo territ\u00f3rio nacional ou nele permanecer temporariamente.<\/p>\n<p>Atualmente, a lei prev\u00ea o tr\u00e2nsito de for\u00e7as estrangeiras no Brasil nos casos de busca e salvamento e de visita oficial programada por governo estrangeiro, por exemplo.<\/p>\n<p>Glauber Braga, por\u00e9m, quer preservar a soberania nacional nas situa\u00e7\u00f5es em \u201cque pa\u00edses independentes sofrem interfer\u00eancias diretas e contundentes de outras na\u00e7\u00f5es em nome da defesa da democracia ou dos direitos humanos\u201d. Ele lembra o caso do Iraque, que em 2003 foi invadido por uma coaliz\u00e3o de pa\u00edses liderada pelos Estados Unidos e pelo Reino Unido sob a acusa\u00e7\u00e3o de que o pa\u00eds, ent\u00e3o comandado por Saddam Hussein, possu\u00eda armas de destrui\u00e7\u00e3o em massa.<\/p>\n<p>\u201cQuando se trata da soberania de uma na\u00e7\u00e3o, \u00e9 fundamental que essa supremacia seja plena. Uma decis\u00e3o que envolva a fixa\u00e7\u00e3o de bases com for\u00e7as estrangeiras de seguran\u00e7a deve ser observada e dialogada com a sociedade, principalmente porque essa delibera\u00e7\u00e3o afetar\u00e1 todo o conjunto, incluindo os pa\u00edses vizinhos\u201d, avalia Braga.<\/p>\n<h4>&nbsp;<\/h4>\n<h4>TRAMITA\u00c7\u00c3O<\/h4>\n<p>O projeto ser\u00e1 analisado pelas comiss\u00f5es de Rela\u00e7\u00f5es Exteriores e de Defesa Nacional; e de Constitui\u00e7\u00e3o e Justi\u00e7a e de Cidadania, antes de ser votado pelo Plen\u00e1rio.<\/p>\n<p>Fonte: Ag\u00eancia C\u00e2mara Not\u00edcias<\/p>\n","protected":false},"excerpt":{"rendered":"<p>O deputado Glauber Braga (Psol-RJ) apresentou \u00e0 C\u00e2mara dos Deputados proposta para determinar que bases militares estrangeiras s\u00f3 possam ser instaladas permanentemente no Brasil se a popula\u00e7\u00e3o aprovar por meio de plebiscito. A medida est\u00e1 prevista no Projeto de Lei Complementar 466\/17, que acrescenta um artigo \u00e0 Lei Complementar 90\/97, que determina os casos em [&hellip;]<\/p>\n","protected":false},"author":96,"featured_media":92396,"comment_status":"closed","ping_status":"closed","sticky":false,"template":"","format":"standard","meta":{"footnotes":""},"categories":[254],"tags":[],"class_list":["post-92397","post","type-post","status-publish","format-standard","has-post-thumbnail","hentry","category-politica"],"_links":{"self":[{"href":"https:\/\/diarioregionaldigital.com.br\/index.php?rest_route=\/wp\/v2\/posts\/92397","targetHints":{"allow":["GET"]}}],"collection":[{"href":"https:\/\/diarioregionaldigital.com.br\/index.php?rest_route=\/wp\/v2\/posts"}],"about":[{"href":"https:\/\/diarioregionaldigital.com.br\/index.php?rest_route=\/wp\/v2\/types\/post"}],"author":[{"embeddable":true,"href":"https:\/\/diarioregionaldigital.com.br\/index.php?rest_route=\/wp\/v2\/users\/96"}],"replies":[{"embeddable":true,"href":"https:\/\/diarioregionaldigital.com.br\/index.php?rest_route=%2Fwp%2Fv2%2Fcomments&post=92397"}],"version-history":[{"count":0,"href":"https:\/\/diarioregionaldigital.com.br\/index.php?rest_route=\/wp\/v2\/posts\/92397\/revisions"}],"wp:featuredmedia":[{"embeddable":true,"href":"https:\/\/diarioregionaldigital.com.br\/index.php?rest_route=\/wp\/v2\/media\/92396"}],"wp:attachment":[{"href":"https:\/\/diarioregionaldigital.com.br\/index.php?rest_route=%2Fwp%2Fv2%2Fmedia&parent=92397"}],"wp:term":[{"taxonomy":"category","embeddable":true,"href":"https:\/\/diarioregionaldigital.com.br\/index.php?rest_route=%2Fwp%2Fv2%2Fcategories&post=92397"},{"taxonomy":"post_tag","embeddable":true,"href":"https:\/\/diarioregionaldigital.com.br\/index.php?rest_route=%2Fwp%2Fv2%2Ftags&post=92397"}],"curies":[{"name":"wp","href":"https:\/\/api.w.org\/{rel}","templated":true}]}}