{"id":92395,"date":"2018-02-22T19:10:57","date_gmt":"2018-02-22T22:10:57","guid":{"rendered":"http:\/\/diarioregionaljf.com.br\/2018\/02\/22\/servidores-do-ipsemg-anunciam-greve-a-partir-de-sexta\/"},"modified":"2018-02-22T19:10:57","modified_gmt":"2018-02-22T22:10:57","slug":"servidores-do-ipsemg-anunciam-greve-a-partir-de-sexta","status":"publish","type":"post","link":"https:\/\/diarioregionaldigital.com.br\/?p=92395","title":{"rendered":"Servidores do Ipsemg anunciam greve a partir de sexta"},"content":{"rendered":"<p>Trabalhadores do Instituto de Previd\u00eancia dos Servidores do Estado de Minas Gerais (Ipsemg) entrar\u00e3o em greve a partir desta sexta-feira, 23. O an\u00fancio foi feito em audi\u00eancia p\u00fablica realizada, nessa quarta-feira, 21, pela Comiss\u00e3o do Trabalho, da Previd\u00eancia e da Assist\u00eancia Social da Assembleia Legislativa de Minas Gerais (ALMG). A reuni\u00e3o debateu problemas enfrentados pelos servidores, al\u00e9m da suspens\u00e3o do atendimento prestado por hospitais e cl\u00ednicas credenciados devido ao atraso no repasse de recursos do instituto.<\/p>\n<p>A presidente do Sindicato dos Servidores do Ipsemg (Sisipsemg), Maria Abadia de Souza, informou que o n\u00famero de funcion\u00e1rios encontra-se reduzido, a contrata\u00e7\u00e3o de terceirizados e comissionados aumentou, os profissionais est\u00e3o se aposentado e as condi\u00e7\u00f5es de trabalho est\u00e3o prec\u00e1rias. \u201cDiante da aus\u00eancia de sinaliza\u00e7\u00e3o do Poder Executivo em tomar medidas efetivas, vamos entrar em greve por tempo indeterminado&#8221;, anunciou.<\/p>\n<p>Geraldo Henrique, diretor do Sindicato dos Trabalhadores no Servi\u00e7o P\u00fablico do Estado (Sindp\u00fablicos-MG), ressaltou que h\u00e1, hoje, 4 mil pessoas \u00e0 espera de cirurgias a serem realizadas em unidades hospitalares credenciadas pelo Ipsemg.<\/p>\n<p>Mas, segundo ele, os procedimentos se encontram sob amea\u00e7a, uma vez que a suspens\u00e3o do atendimento aos benefici\u00e1rios do instituto tem sido generalizada. Ele ainda exigiu a demiss\u00e3o do atual presidente do Ipsemg, Hugo Vocurca Texeira.<\/p>\n<p>Tamb\u00e9m o presidente do Conselho de Benefici\u00e1rios do Ipsemg, Alexandre Pires, relatou casos de hospitais que se recusam a atender os servidores. Ele enfatizou que a suspens\u00e3o dos servi\u00e7os no interior \u00e9 ainda mais grave porque os usu\u00e1rios de algumas regi\u00f5es n\u00e3o contam com outras op\u00e7\u00f5es.<\/p>\n<p>O presidente acrescentou que os servidores do instituto vivem no limite, sendo tamb\u00e9m v\u00edtimas do \u201cjustificado descontentamento dos benefici\u00e1rios\u201d. Por isso, declarou seu apoio \u00e0 greve anunciada pela entidade sindical.<\/p>\n<p>J\u00e1 a coordenadora geral do Sindicato \u00danico dos Trabalhadores em Educa\u00e7\u00e3o (Sind-UTE), Beatriz Cerqueira, denunciou a precariza\u00e7\u00e3o das condi\u00e7\u00f5es de trabalho dos servidores estaduais, que enfrentam parcelamento de sal\u00e1rios.<\/p>\n<p>Beatriz afirmou que o governo deve R$200 milh\u00f5es ao Ipsemg e denunciou o desvio de recursos da previd\u00eancia estadual para o caixa \u00fanico do Tesouro. \u201cEssa medida, tomada pelo ex-governador Alberto Pinto Coelho, j\u00e1 deveria ter sido revista por Fernando Pimentel\u201d, criticou.<\/p>\n<h4>&nbsp;<\/h4>\n<h4>GESTOR AFIRMA QUE VAI REGULARIZAR PAGAMENTOS<\/h4>\n<p>O presidente do Ipsemg, Hugo Vocurca Texeira, reconheceu o atraso nos repasses e anunciou que j\u00e1 foi pactuado um cronograma de pagamento para regularizar a presta\u00e7\u00e3o dos servi\u00e7os da rede credenciada. Ele disse que as negocia\u00e7\u00f5es est\u00e3o em andamento e citou exemplos de institui\u00e7\u00f5es que j\u00e1 retomaram o atendimento aos benefici\u00e1rios, como o Hospital Luxemburgo, em Belo Horizonte.<\/p>\n<p>Ele admitiu que ainda h\u00e1 dificuldades em negociar com parte das unidades hospitalares. \u201cO hospital credenciado em Varginha tem exigido um aumento de 82% na tabela de procedimentos e consultas. N\u00e3o podemos arcar com um percentual t\u00e3o elevado, mas daremos prosseguimento \u00e0s tentativas de fechar um acordo\u201d, explicou o gestor.<\/p>\n<p>Quanto \u00e0 contrata\u00e7\u00e3o de terceirizados, Vocurca ponderou que n\u00e3o foi poss\u00edvel nomear o quantitativo necess\u00e1rio de candidatos aprovados em concurso devido \u00e0 Lei de Responsabilidade Fiscal, uma vez que o Estado j\u00e1 ultrapassou o limite prudencial de gastos com pessoal. Ele disse que, diante dessa impossibilidade, o instituto foi obrigado a lan\u00e7ar m\u00e3o da terceiriza\u00e7\u00e3o.<\/p>\n<p>C\u00e9sar Lima, secret\u00e1rio adjunto de Estado de Planejamento e Gest\u00e3o, ressaltou que o governo passa por uma crise fiscal agravada pelo deficit previdenci\u00e1rio, estimado em R$16 bilh\u00f5es, e lembrou o peso da d\u00edvida estadual com a Uni\u00e3o. \u201cPrecisamos ter o olho na hist\u00f3ria, conhecer a realidade da institui\u00e7\u00e3o e n\u00e3o nos ater a problemas pontuais\u201d, concluiu.<\/p>\n<p>Por sua vez, o assessor-chefe de Rela\u00e7\u00f5es Sindicais do governo, Carlos Calazans, refor\u00e7ou que, apesar das dificuldades enfrentadas, o Ipsemg sair\u00e1 fortalecido. &#8220;O governo est\u00e1 providenciando o pagamentos a fornecedores e a credenciados. Quero crer que em mar\u00e7o tudo ser\u00e1 regularizado&#8221;.<\/p>\n<p>Fonte: Assessoria\/ALMG<\/p>\n","protected":false},"excerpt":{"rendered":"<p>Trabalhadores do Instituto de Previd\u00eancia dos Servidores do Estado de Minas Gerais (Ipsemg) entrar\u00e3o em greve a partir desta sexta-feira, 23. O an\u00fancio foi feito em audi\u00eancia p\u00fablica realizada, nessa quarta-feira, 21, pela Comiss\u00e3o do Trabalho, da Previd\u00eancia e da Assist\u00eancia Social da Assembleia Legislativa de Minas Gerais (ALMG). A reuni\u00e3o debateu problemas enfrentados pelos [&hellip;]<\/p>\n","protected":false},"author":96,"featured_media":92394,"comment_status":"closed","ping_status":"closed","sticky":false,"template":"","format":"standard","meta":{"footnotes":""},"categories":[254],"tags":[],"class_list":["post-92395","post","type-post","status-publish","format-standard","has-post-thumbnail","hentry","category-politica"],"_links":{"self":[{"href":"https:\/\/diarioregionaldigital.com.br\/index.php?rest_route=\/wp\/v2\/posts\/92395","targetHints":{"allow":["GET"]}}],"collection":[{"href":"https:\/\/diarioregionaldigital.com.br\/index.php?rest_route=\/wp\/v2\/posts"}],"about":[{"href":"https:\/\/diarioregionaldigital.com.br\/index.php?rest_route=\/wp\/v2\/types\/post"}],"author":[{"embeddable":true,"href":"https:\/\/diarioregionaldigital.com.br\/index.php?rest_route=\/wp\/v2\/users\/96"}],"replies":[{"embeddable":true,"href":"https:\/\/diarioregionaldigital.com.br\/index.php?rest_route=%2Fwp%2Fv2%2Fcomments&post=92395"}],"version-history":[{"count":0,"href":"https:\/\/diarioregionaldigital.com.br\/index.php?rest_route=\/wp\/v2\/posts\/92395\/revisions"}],"wp:featuredmedia":[{"embeddable":true,"href":"https:\/\/diarioregionaldigital.com.br\/index.php?rest_route=\/wp\/v2\/media\/92394"}],"wp:attachment":[{"href":"https:\/\/diarioregionaldigital.com.br\/index.php?rest_route=%2Fwp%2Fv2%2Fmedia&parent=92395"}],"wp:term":[{"taxonomy":"category","embeddable":true,"href":"https:\/\/diarioregionaldigital.com.br\/index.php?rest_route=%2Fwp%2Fv2%2Fcategories&post=92395"},{"taxonomy":"post_tag","embeddable":true,"href":"https:\/\/diarioregionaldigital.com.br\/index.php?rest_route=%2Fwp%2Fv2%2Ftags&post=92395"}],"curies":[{"name":"wp","href":"https:\/\/api.w.org\/{rel}","templated":true}]}}