{"id":92393,"date":"2018-02-22T19:02:20","date_gmt":"2018-02-22T22:02:20","guid":{"rendered":"http:\/\/diarioregionaljf.com.br\/2018\/02\/22\/projeto-preve-que-parcao-seja-estabelecido-em-todas-as-pracas-da-cidade\/"},"modified":"2018-02-22T19:02:20","modified_gmt":"2018-02-22T22:02:20","slug":"projeto-preve-que-parcao-seja-estabelecido-em-todas-as-pracas-da-cidade","status":"publish","type":"post","link":"https:\/\/diarioregionaldigital.com.br\/?p=92393","title":{"rendered":"Projeto prev\u00ea que Parc\u00e3o seja estabelecido em todas as pra\u00e7as da cidade"},"content":{"rendered":"<p>O projeto de lei (PL) do vereador Marlon Siqueira (MDB) que trata da \u00e1rea de recrea\u00e7\u00e3o para c\u00e3es denominada Parc\u00e3o foi aprovado em segunda discuss\u00e3o na tarde dessa quarta-feira, 21. O intuito \u00e9 que parques e pra\u00e7as tenham um espa\u00e7o, permitindo que os animais circulem soltos, mas sobre vigil\u00e2ncia de seus tutores.<\/p>\n<p>Ainda de acordo com o PL, para que o c\u00e3o circule pelo local, algumas regras ter\u00e3o que ser respeitadas, como: Identifica\u00e7\u00e3o na coleira ou peitoral; certificado de vacina\u00e7\u00e3o em dia contra raiva e cinomose, estarem devidamente vermifugados; o c\u00e3o n\u00e3o poder\u00e1 promover brigas e mordidas, caso isso aconte\u00e7a, dever\u00e1 ser retirados pelo seu tutor, que tamb\u00e9m precisa ser maior de idade. O PL tamb\u00e9m informa que dever\u00e1 ser respeitada a entrada de apenas tr\u00eas animais por vez e n\u00e3o ser\u00e1 permitida na \u00e1rea de recrea\u00e7\u00e3o alimentos e nem brinquedos para os animais, justamente para que sejam evitados disputas ou confrontos entre ambos.<\/p>\n<p>Em sua justificativa o proponente da mat\u00e9ria salienta que diversas pra\u00e7as do Brasil j\u00e1 passam por esta modernidade urbana incluindo \u00e1reas para c\u00e3es se socializarem com outros animais al\u00e9m de se exercitarem. \u201cO benef\u00edcios de passear com um c\u00e3o, em locais adequados e exclusivos para recrea\u00e7\u00e3o desses animais, v\u00e3o al\u00e9m da sa\u00fade: na pr\u00e1tica, os c\u00e3es promovem a integra\u00e7\u00e3o e a intera\u00e7\u00e3o entre as pessoas, tornando-as mais soci\u00e1veis. Diversas cidades j\u00e1 implementaram projetos semelhantes a este e obtiveram sucesso, o nosso projeto visa atender a reivindica\u00e7\u00e3o de protetores de animais da cidade e de tutores de c\u00e3es que, em sua maioria, n\u00e3o possuem espa\u00e7o em suas resid\u00eancias para passearem com seu animal\u201d, disse.<\/p>\n<p>O projeto precisa de mais uma aprova\u00e7\u00e3o para seguir para san\u00e7\u00e3o do Executivo.<\/p>\n<p>Fonte: Assessoria<\/p>\n","protected":false},"excerpt":{"rendered":"<p>O projeto de lei (PL) do vereador Marlon Siqueira (MDB) que trata da \u00e1rea de recrea\u00e7\u00e3o para c\u00e3es denominada Parc\u00e3o foi aprovado em segunda discuss\u00e3o na tarde dessa quarta-feira, 21. O intuito \u00e9 que parques e pra\u00e7as tenham um espa\u00e7o, permitindo que os animais circulem soltos, mas sobre vigil\u00e2ncia de seus tutores. Ainda de acordo [&hellip;]<\/p>\n","protected":false},"author":96,"featured_media":92392,"comment_status":"closed","ping_status":"closed","sticky":false,"template":"","format":"standard","meta":{"footnotes":""},"categories":[254],"tags":[],"class_list":["post-92393","post","type-post","status-publish","format-standard","has-post-thumbnail","hentry","category-politica"],"_links":{"self":[{"href":"https:\/\/diarioregionaldigital.com.br\/index.php?rest_route=\/wp\/v2\/posts\/92393","targetHints":{"allow":["GET"]}}],"collection":[{"href":"https:\/\/diarioregionaldigital.com.br\/index.php?rest_route=\/wp\/v2\/posts"}],"about":[{"href":"https:\/\/diarioregionaldigital.com.br\/index.php?rest_route=\/wp\/v2\/types\/post"}],"author":[{"embeddable":true,"href":"https:\/\/diarioregionaldigital.com.br\/index.php?rest_route=\/wp\/v2\/users\/96"}],"replies":[{"embeddable":true,"href":"https:\/\/diarioregionaldigital.com.br\/index.php?rest_route=%2Fwp%2Fv2%2Fcomments&post=92393"}],"version-history":[{"count":0,"href":"https:\/\/diarioregionaldigital.com.br\/index.php?rest_route=\/wp\/v2\/posts\/92393\/revisions"}],"wp:featuredmedia":[{"embeddable":true,"href":"https:\/\/diarioregionaldigital.com.br\/index.php?rest_route=\/wp\/v2\/media\/92392"}],"wp:attachment":[{"href":"https:\/\/diarioregionaldigital.com.br\/index.php?rest_route=%2Fwp%2Fv2%2Fmedia&parent=92393"}],"wp:term":[{"taxonomy":"category","embeddable":true,"href":"https:\/\/diarioregionaldigital.com.br\/index.php?rest_route=%2Fwp%2Fv2%2Fcategories&post=92393"},{"taxonomy":"post_tag","embeddable":true,"href":"https:\/\/diarioregionaldigital.com.br\/index.php?rest_route=%2Fwp%2Fv2%2Ftags&post=92393"}],"curies":[{"name":"wp","href":"https:\/\/api.w.org\/{rel}","templated":true}]}}