{"id":92391,"date":"2018-02-22T18:53:10","date_gmt":"2018-02-22T21:53:10","guid":{"rendered":"http:\/\/diarioregionaljf.com.br\/2018\/02\/22\/brasil-e-colombia-discutem-impactos-da-migracao-venezuelana-nos-dois-paises\/"},"modified":"2018-02-22T18:53:10","modified_gmt":"2018-02-22T21:53:10","slug":"brasil-e-colombia-discutem-impactos-da-migracao-venezuelana-nos-dois-paises","status":"publish","type":"post","link":"https:\/\/diarioregionaldigital.com.br\/?p=92391","title":{"rendered":"Brasil e Col\u00f4mbia discutem impactos da migra\u00e7\u00e3o venezuelana nos dois pa\u00edses"},"content":{"rendered":"<p>Representantes dos governos do Brasil e da Col\u00f4mbia se reuniram nessa quarta-feira, 21, no Pal\u00e1cio Itamaraty, para discutir os impactos do aumento do fluxo migrat\u00f3rio de venezuelanos para os dois pa\u00edses. Segundo o ministro das Rela\u00e7\u00f5es Exteriores, Aloysio Nunes, os pa\u00edses trocaram experi\u00eancias e informa\u00e7\u00f5es de como aprofundar a colabora\u00e7\u00e3o para atender a essa &#8220;emerg\u00eancia social\u201d.<\/p>\n<p>\u201cAl\u00e9m de algo permanente, que \u00e9 a coopera\u00e7\u00e3o transfronteiri\u00e7a, temos esse problema emergencial. \u00c9 um surto muito volumoso de migra\u00e7\u00e3o for\u00e7ada de venezuelanos que v\u00eam no rumo de nossos pa\u00edses\u201d, disse o chanceler brasileiro, em declara\u00e7\u00e3o \u00e0 imprensa.<\/p>\n<p>De acordo com Aloysio Nunes, o desejo dos pa\u00edses latino-americanos \u00e9 que a Venezuela reencontre \u201cseu caminho para a democracia\u201d, com \u201co pronunciamento livre do povo nas urnas\u201d.<\/p>\n<p>Segundo a chanceler colombiana, Mar\u00eda \u00c1ngela Holgu\u00edn, os dois pa\u00edses querem \u201cmanter as portas abertas\u201d para ajudar os venezuelanos que est\u00e3o migrando em uma situa\u00e7\u00e3o dif\u00edcil. \u201cIsso gera um desafio maior para os pa\u00edses. Queremos dar condi\u00e7\u00f5es para os venezuelanos de viver de forma tranquila nos nossos pa\u00edses\u201d, afirmou.<\/p>\n<p>O Brasil vive uma situa\u00e7\u00e3o complexa com a vinda de cidad\u00e3os venezuelanos para a regi\u00e3o Norte, em especial no estado de Roraima. Segundo estimativa da prefeitura de Boa Vista, mais de 40 mil pessoas do pa\u00eds vizinho chegaram \u00e0 cidade, o que corresponde a mais de 10% da popula\u00e7\u00e3o local.<\/p>\n<p>Na segunda-feira, 19, o alto comiss\u00e1rio das Na\u00e7\u00f5es Unidas para Refugiados (Acnur), Filippo Grandi, disse que se comprometeu com o presidente Michel Temer a buscar apoio da comunidade internacional para ajudar o Brasil na resposta \u00e0 situa\u00e7\u00e3o da imigra\u00e7\u00e3o venezuelana para o pa\u00eds ap\u00f3s reuni\u00e3o no Pal\u00e1cio da Alvorada.<\/p>\n<h4>&nbsp;<\/h4>\n<h4>ACORDO DE DESMINAGEM<\/h4>\n<p>No encontro, os ministros da Defesa brasileiro e colombiano, Raul Jungmann, e Luis Carlos Villegas, respectivamente, assinaram memorando de entendimento para ajuda \u00e0 Col\u00f4mbia na \u00e1rea de desminagem (opera\u00e7\u00e3o de remo\u00e7\u00e3o de minas). A Col\u00f4mbia sofre com o problema das minas em seu territ\u00f3rio por ter enfrentado mais de 50 anos de conflito com as For\u00e7as Armadas Revolucion\u00e1rias da Col\u00f4mbia (Farc). O acordo de paz foi assinado em 2016. O pa\u00eds vizinho est\u00e1 em negocia\u00e7\u00e3o de paz com outro grupo guerrilheiro, o Ex\u00e9rcito de Liberta\u00e7\u00e3o Nacional (ELN).<\/p>\n<p>O documento prev\u00ea que o Brasil vai empregar at\u00e9 15 militares instrutores das For\u00e7as Armadas para interc\u00e2mbio de conhecimentos e experi\u00eancias na remo\u00e7\u00e3o de artefatos explosivos e minas.<\/p>\n<p>Fonte: Ag\u00eancia Brasil<\/p>\n","protected":false},"excerpt":{"rendered":"<p>Representantes dos governos do Brasil e da Col\u00f4mbia se reuniram nessa quarta-feira, 21, no Pal\u00e1cio Itamaraty, para discutir os impactos do aumento do fluxo migrat\u00f3rio de venezuelanos para os dois pa\u00edses. Segundo o ministro das Rela\u00e7\u00f5es Exteriores, Aloysio Nunes, os pa\u00edses trocaram experi\u00eancias e informa\u00e7\u00f5es de como aprofundar a colabora\u00e7\u00e3o para atender a essa &#8220;emerg\u00eancia [&hellip;]<\/p>\n","protected":false},"author":96,"featured_media":92390,"comment_status":"closed","ping_status":"closed","sticky":false,"template":"","format":"standard","meta":{"footnotes":""},"categories":[302],"tags":[],"class_list":["post-92391","post","type-post","status-publish","format-standard","has-post-thumbnail","hentry","category-brasil-mundo"],"_links":{"self":[{"href":"https:\/\/diarioregionaldigital.com.br\/index.php?rest_route=\/wp\/v2\/posts\/92391","targetHints":{"allow":["GET"]}}],"collection":[{"href":"https:\/\/diarioregionaldigital.com.br\/index.php?rest_route=\/wp\/v2\/posts"}],"about":[{"href":"https:\/\/diarioregionaldigital.com.br\/index.php?rest_route=\/wp\/v2\/types\/post"}],"author":[{"embeddable":true,"href":"https:\/\/diarioregionaldigital.com.br\/index.php?rest_route=\/wp\/v2\/users\/96"}],"replies":[{"embeddable":true,"href":"https:\/\/diarioregionaldigital.com.br\/index.php?rest_route=%2Fwp%2Fv2%2Fcomments&post=92391"}],"version-history":[{"count":0,"href":"https:\/\/diarioregionaldigital.com.br\/index.php?rest_route=\/wp\/v2\/posts\/92391\/revisions"}],"wp:featuredmedia":[{"embeddable":true,"href":"https:\/\/diarioregionaldigital.com.br\/index.php?rest_route=\/wp\/v2\/media\/92390"}],"wp:attachment":[{"href":"https:\/\/diarioregionaldigital.com.br\/index.php?rest_route=%2Fwp%2Fv2%2Fmedia&parent=92391"}],"wp:term":[{"taxonomy":"category","embeddable":true,"href":"https:\/\/diarioregionaldigital.com.br\/index.php?rest_route=%2Fwp%2Fv2%2Fcategories&post=92391"},{"taxonomy":"post_tag","embeddable":true,"href":"https:\/\/diarioregionaldigital.com.br\/index.php?rest_route=%2Fwp%2Fv2%2Ftags&post=92391"}],"curies":[{"name":"wp","href":"https:\/\/api.w.org\/{rel}","templated":true}]}}