{"id":92389,"date":"2018-02-22T18:44:32","date_gmt":"2018-02-22T21:44:32","guid":{"rendered":"http:\/\/diarioregionaljf.com.br\/2018\/02\/22\/conselho-de-seguranca-da-onu-deve-votar-proposta-para-tregua-na-siria\/"},"modified":"2018-02-22T18:44:32","modified_gmt":"2018-02-22T21:44:32","slug":"conselho-de-seguranca-da-onu-deve-votar-proposta-para-tregua-na-siria","status":"publish","type":"post","link":"https:\/\/diarioregionaldigital.com.br\/?p=92389","title":{"rendered":"Conselho de Seguran\u00e7a da ONU deve votar proposta para tr\u00e9gua na S\u00edria"},"content":{"rendered":"<p>O Conselho de Seguran\u00e7a da Organiza\u00e7\u00e3o das Na\u00e7\u00f5es Unidas (ONU) pode votar nesta quinta-feira, 22, proposta de resolu\u00e7\u00e3o para decretar tr\u00e9gua de 30 dias na S\u00edria, ap\u00f3s os promotores da iniciativa terem dado o \u00faltimo passo nessa quarta-feira.<\/p>\n<p>O Kuwait e a Su\u00e9cia, respons\u00e1veis pelo dossi\u00ea humanit\u00e1rio s\u00edrio no conselho, consideram o texto fechado e pediram uma vota\u00e7\u00e3o, &#8220;assim que poss\u00edvel&#8221;, disseram fontes diplom\u00e1ticas. O mais prov\u00e1vel \u00e9 que a vota\u00e7\u00e3o ocorra nesta quinta-feira, embora ainda n\u00e3o tenha sido inclu\u00edda na agenda oficial.<\/p>\n<p>Se a vota\u00e7\u00e3o n\u00e3o ocorrer hoje, dever\u00e1 ser feita amanh\u00e3, 23, segundo os prazos habituais com os quais opera o Conselho de Seguran\u00e7a.<\/p>\n<p>O texto, que \u00e9 negociado h\u00e1 dias, busca a suspens\u00e3o das hostilidades em toda a S\u00edria durante um m\u00eas e estabelece que, 48 horas ap\u00f3s o seu in\u00edcio, seja permitido o acesso semanal de comboios humanit\u00e1rios da ONU a \u00e1reas necessitadas.<\/p>\n<p>Dois dias depois, ser\u00e3o facilitadas as evacua\u00e7\u00f5es m\u00e9dicas de \u00e1reas \u00e0s quais as Na\u00e7\u00f5es Unidas n\u00e3o t\u00eam acesso. A medida tamb\u00e9m exige a suspens\u00e3o dos ass\u00e9dios sobre v\u00e1rias \u00e1reas, incluindo o enclave rebelde de Ghouta Oriental, nos arredores de Damasco, que \u00e9 alvo de dura ofensiva governamental.<\/p>\n<p>A R\u00fassia, pelo menos em um primeiro momento, se mostrou contr\u00e1ria a essa iniciativa ao considerar que era pouco realista e que os &#8220;terroristas&#8221; combatidos pelo regime de Damasco n\u00e3o respeitar\u00e3o uma tr\u00e9gua. Moscou, o principal aliado do governo s\u00edrio na ONU, tem direito de veto no Conselho de Seguran\u00e7a.<\/p>\n<p>Sem esperar a vota\u00e7\u00e3o da resolu\u00e7\u00e3o, o secret\u00e1rio-geral da ONU, Ant\u00f3nio Guterres, pediu hoje a &#8220;suspens\u00e3o imediata&#8221; das hostilidades em Ghouta Oriental, diante da &#8220;trag\u00e9dia humana&#8221; que ocorre no local.<\/p>\n<p>&#8220;Estou profundamente entristecido pelo sofrimento da popula\u00e7\u00e3o civil em Ghouta Oriental, 400 mil pessoas vivem o inferno na terra&#8221;, disse Guterres ao Conselho de Seguran\u00e7a.<\/p>\n<p>A R\u00fassia pediu hoje que o Conselho realize uma sess\u00e3o aberta para discutir a situa\u00e7\u00e3o em Ghouta Oriental.<\/p>\n<p>Fonte: Ag\u00eancia Brasil<\/p>\n","protected":false},"excerpt":{"rendered":"<p>O Conselho de Seguran\u00e7a da Organiza\u00e7\u00e3o das Na\u00e7\u00f5es Unidas (ONU) pode votar nesta quinta-feira, 22, proposta de resolu\u00e7\u00e3o para decretar tr\u00e9gua de 30 dias na S\u00edria, ap\u00f3s os promotores da iniciativa terem dado o \u00faltimo passo nessa quarta-feira. O Kuwait e a Su\u00e9cia, respons\u00e1veis pelo dossi\u00ea humanit\u00e1rio s\u00edrio no conselho, consideram o texto fechado e [&hellip;]<\/p>\n","protected":false},"author":96,"featured_media":92388,"comment_status":"closed","ping_status":"closed","sticky":false,"template":"","format":"standard","meta":{"footnotes":""},"categories":[302],"tags":[],"class_list":["post-92389","post","type-post","status-publish","format-standard","has-post-thumbnail","hentry","category-brasil-mundo"],"_links":{"self":[{"href":"https:\/\/diarioregionaldigital.com.br\/index.php?rest_route=\/wp\/v2\/posts\/92389","targetHints":{"allow":["GET"]}}],"collection":[{"href":"https:\/\/diarioregionaldigital.com.br\/index.php?rest_route=\/wp\/v2\/posts"}],"about":[{"href":"https:\/\/diarioregionaldigital.com.br\/index.php?rest_route=\/wp\/v2\/types\/post"}],"author":[{"embeddable":true,"href":"https:\/\/diarioregionaldigital.com.br\/index.php?rest_route=\/wp\/v2\/users\/96"}],"replies":[{"embeddable":true,"href":"https:\/\/diarioregionaldigital.com.br\/index.php?rest_route=%2Fwp%2Fv2%2Fcomments&post=92389"}],"version-history":[{"count":0,"href":"https:\/\/diarioregionaldigital.com.br\/index.php?rest_route=\/wp\/v2\/posts\/92389\/revisions"}],"wp:featuredmedia":[{"embeddable":true,"href":"https:\/\/diarioregionaldigital.com.br\/index.php?rest_route=\/wp\/v2\/media\/92388"}],"wp:attachment":[{"href":"https:\/\/diarioregionaldigital.com.br\/index.php?rest_route=%2Fwp%2Fv2%2Fmedia&parent=92389"}],"wp:term":[{"taxonomy":"category","embeddable":true,"href":"https:\/\/diarioregionaldigital.com.br\/index.php?rest_route=%2Fwp%2Fv2%2Fcategories&post=92389"},{"taxonomy":"post_tag","embeddable":true,"href":"https:\/\/diarioregionaldigital.com.br\/index.php?rest_route=%2Fwp%2Fv2%2Ftags&post=92389"}],"curies":[{"name":"wp","href":"https:\/\/api.w.org\/{rel}","templated":true}]}}