{"id":92387,"date":"2018-02-22T18:41:04","date_gmt":"2018-02-22T21:41:04","guid":{"rendered":"http:\/\/diarioregionaljf.com.br\/2018\/02\/22\/carta-das-nacoes-unidas-continua-atual-dizem-lideres-da-onu\/"},"modified":"2018-02-22T18:41:04","modified_gmt":"2018-02-22T21:41:04","slug":"carta-das-nacoes-unidas-continua-atual-dizem-lideres-da-onu","status":"publish","type":"post","link":"https:\/\/diarioregionaldigital.com.br\/?p=92387","title":{"rendered":"Carta das Na\u00e7\u00f5es Unidas continua atual, dizem l\u00edderes da ONU"},"content":{"rendered":"<p>Em reuni\u00e3o de alto n\u00edvel no Conselho de Seguran\u00e7a da ONU nessa quarta-feira, 21, o atual chefe das Na\u00e7\u00f5es Unidas, Ant\u00f3nio Guterres, e o seu antecessor, Ban Ki-moon, afirmaram que a Carta da organiza\u00e7\u00e3o, assinada em 1945, continua atual e sendo um guia para paz e seguran\u00e7a internacionais. A informa\u00e7\u00e3o \u00e9 da ONU News.<\/p>\n<p>A reuni\u00e3o ministerial no Conselho de Seguran\u00e7a coincide com o 27\u00ba anivers\u00e1rio da expuls\u00e3o das for\u00e7as iraquianas do Kuwait por uma coliga\u00e7\u00e3o internacional autorizada pelo Conselho de Seguran\u00e7a, em 1991.<\/p>\n<p>Em seu discurso, Guterres disse que \u201cos prop\u00f3sitos e princ\u00edpios da Carta da ONU respondem aos desafios de hoje de forma t\u00e3o firme como respondiam \u00e0s pessoas que tinham vivido uma das guerras mais horr\u00edveis que o mundo j\u00e1 tinha visto.\u201d Ele frisou contudo que o planeta agora enfrenta novos desafios e que as for\u00e7as por tr\u00e1s dos conflitos s\u00e3o mais complexas \u201ce que, por isso, as Na\u00e7\u00f5es Unidas t\u00eam de mudar\u201d.<\/p>\n<p>O secret\u00e1rio-geral explicou, no entanto, que as reformas previstas, incluindo nas \u00e1reas da paz, seguran\u00e7a, desenvolvimento e gest\u00e3o, apenas pretendem tornar a organiza\u00e7\u00e3o mais eficiente no cumprimento da vis\u00e3o da Carta. O desafio da migra\u00e7\u00e3o, assim como as amea\u00e7as das mudan\u00e7as clim\u00e1ticas e a desigualdade v\u00e3o testar o documento basilar da ONU e a capacidade de garantir um mundo melhor para todos, segundo Guterres.<\/p>\n<h4>&nbsp;<\/h4>\n<h4>REFORMA DO CONSELHO<\/h4>\n<p>O ex-secret\u00e1rio-geral Ban Ki-moon, que deixou o posto em dezembro de 2016, tamb\u00e9m falou ao Conselho de Seguran\u00e7a e destacou em seu discurso que a reforma do \u00f3rg\u00e3o j\u00e1 deveria ter acontecido h\u00e1 muito tempo. \u201cPara responder de forma eficiente aos desafios de seguran\u00e7a nacionais e transnacionais, como mudan\u00e7a clim\u00e1tica, extremismo violento, inseguran\u00e7a transfronteiri\u00e7a e terrorismo, o Conselho de Seguran\u00e7a deve fazer reformas que tornem o seu processo de decis\u00e3o mais flex\u00edvel,\u201d frisou.<\/p>\n<p>O ex-chefe da ONU, que \u00e9 sul-coreano, disse ainda que a situa\u00e7\u00e3o na Pen\u00ednsula Coreana \u201c\u00e9 o mais s\u00e9rio e eminente desafio que o mundo enfrenta neste momento\u201d. Ele afirmou que o mundo \u201cdeve preparar-se para uma era p\u00f3s-Estado Isl\u00e2mico no Oriente M\u00e9dio\u201d.<\/p>\n<p>Ban Ki-moon acredita que apenas quando a comunidade internacional desenvolver \u201csolu\u00e7\u00f5es para estes problemas atrav\u00e9s de meios pac\u00edficos, ser\u00e1 poss\u00edvel fazer cumprir os princ\u00edpios e prop\u00f3sitos consagrados da Carta da ONU.\u201d<\/p>\n<p>Fonte: Ag\u00eancia Brasil<\/p>\n","protected":false},"excerpt":{"rendered":"<p>Em reuni\u00e3o de alto n\u00edvel no Conselho de Seguran\u00e7a da ONU nessa quarta-feira, 21, o atual chefe das Na\u00e7\u00f5es Unidas, Ant\u00f3nio Guterres, e o seu antecessor, Ban Ki-moon, afirmaram que a Carta da organiza\u00e7\u00e3o, assinada em 1945, continua atual e sendo um guia para paz e seguran\u00e7a internacionais. A informa\u00e7\u00e3o \u00e9 da ONU News. A [&hellip;]<\/p>\n","protected":false},"author":96,"featured_media":92386,"comment_status":"closed","ping_status":"closed","sticky":false,"template":"","format":"standard","meta":{"footnotes":""},"categories":[302],"tags":[],"class_list":["post-92387","post","type-post","status-publish","format-standard","has-post-thumbnail","hentry","category-brasil-mundo"],"_links":{"self":[{"href":"https:\/\/diarioregionaldigital.com.br\/index.php?rest_route=\/wp\/v2\/posts\/92387","targetHints":{"allow":["GET"]}}],"collection":[{"href":"https:\/\/diarioregionaldigital.com.br\/index.php?rest_route=\/wp\/v2\/posts"}],"about":[{"href":"https:\/\/diarioregionaldigital.com.br\/index.php?rest_route=\/wp\/v2\/types\/post"}],"author":[{"embeddable":true,"href":"https:\/\/diarioregionaldigital.com.br\/index.php?rest_route=\/wp\/v2\/users\/96"}],"replies":[{"embeddable":true,"href":"https:\/\/diarioregionaldigital.com.br\/index.php?rest_route=%2Fwp%2Fv2%2Fcomments&post=92387"}],"version-history":[{"count":0,"href":"https:\/\/diarioregionaldigital.com.br\/index.php?rest_route=\/wp\/v2\/posts\/92387\/revisions"}],"wp:featuredmedia":[{"embeddable":true,"href":"https:\/\/diarioregionaldigital.com.br\/index.php?rest_route=\/wp\/v2\/media\/92386"}],"wp:attachment":[{"href":"https:\/\/diarioregionaldigital.com.br\/index.php?rest_route=%2Fwp%2Fv2%2Fmedia&parent=92387"}],"wp:term":[{"taxonomy":"category","embeddable":true,"href":"https:\/\/diarioregionaldigital.com.br\/index.php?rest_route=%2Fwp%2Fv2%2Fcategories&post=92387"},{"taxonomy":"post_tag","embeddable":true,"href":"https:\/\/diarioregionaldigital.com.br\/index.php?rest_route=%2Fwp%2Fv2%2Ftags&post=92387"}],"curies":[{"name":"wp","href":"https:\/\/api.w.org\/{rel}","templated":true}]}}