{"id":92385,"date":"2018-02-22T18:25:12","date_gmt":"2018-02-22T21:25:12","guid":{"rendered":"http:\/\/diarioregionaljf.com.br\/2018\/02\/22\/rodovias-terao-maior-controle-para-evitar-fuga-de-criminosos-do-rio-de-janeiro\/"},"modified":"2018-02-22T18:25:12","modified_gmt":"2018-02-22T21:25:12","slug":"rodovias-terao-maior-controle-para-evitar-fuga-de-criminosos-do-rio-de-janeiro","status":"publish","type":"post","link":"https:\/\/diarioregionaldigital.com.br\/?p=92385","title":{"rendered":"Rodovias ter\u00e3o maior controle para evitar fuga de criminosos do Rio de Janeiro"},"content":{"rendered":"<p>O ministro da Justi\u00e7a, Torquato Jardim, declarou nessa quinta-feira, 22, que uma das medidas para evitar que os criminosos cariocas fujam, devido \u00e0 interven\u00e7\u00e3o militar, para os estados que fazem divisa com o Rio de Janeiro (S\u00e3o Paulo, Rio de Janeiro e Minas Gerais) \u00e9 o aumento do controle nas rodovias. Jardim disse que as pol\u00edcias rodovi\u00e1rias estadual e federal poder\u00e3o agir em conjunto em vias estrat\u00e9gicas como a Fern\u00e3o Dias e Dutra.<\/p>\n<p>A decis\u00e3o foi tomada em reuni\u00e3o hoje, na capital paulista, entre o ministro e os secret\u00e1rios de Seguran\u00e7a de S\u00e3o Paulo, M\u00e1gino Alves Filho, do Esp\u00edrito Santo, Andr\u00e9 Garcia, e de Minas Gerais, S\u00e9rgio Barboza Menezes. Os secret\u00e1rios ressaltaram que a iniciativa \u00e9 apenas preventiva, j\u00e1 que repress\u00f5es ao tr\u00e1fico de drogas em situa\u00e7\u00f5es anteriores no Rio n\u00e3o provocaram fuga para esses estados.<\/p>\n<p>No encontro de hoje, que durou cerca de duas horas, foi estabelecido um protocolo de inten\u00e7\u00f5es, com medidas que ainda ser\u00e3o implementadas. Segundo o ministro, haver\u00e1 coopera\u00e7\u00e3o pol\u00edtica, financeira e operacional entre os estados e a Uni\u00e3o. \u201cA efici\u00eancia ser\u00e1 maior se trabalharmos todos juntos\u201d, declarou Jardim.<\/p>\n<p>As fronteiras com Argentina, Paraguai, Bol\u00edvia, Col\u00f4mbia e Peru ter\u00e3o refor\u00e7o na seguran\u00e7a para evitar a entrada no pa\u00eds de drogas e tamb\u00e9m de muni\u00e7\u00e3o. Em S\u00e3o Paulo, o secret\u00e1rio M\u00e1gino Alves garantiu que a opera\u00e7\u00e3o na divisa n\u00e3o implicar\u00e1 em aumento de custos. Segundo ele, a pol\u00edcia paulista n\u00e3o detectou anormalidades no quadro de seguran\u00e7a em virtude das recentes mortes de lideran\u00e7as e da condena\u00e7\u00e3o do l\u00edder do PCC, o Marcola. \u201cNos pres\u00eddios, o clima \u00e9 de absoluta tranquilidade. N\u00e3o h\u00e1 motivo para receio em rela\u00e7\u00e3o a essas mortes e condena\u00e7\u00e3o\u201d, declarou.<\/p>\n<p>Fonte: Ag\u00eancia Brasil<\/p>\n","protected":false},"excerpt":{"rendered":"<p>O ministro da Justi\u00e7a, Torquato Jardim, declarou nessa quinta-feira, 22, que uma das medidas para evitar que os criminosos cariocas fujam, devido \u00e0 interven\u00e7\u00e3o militar, para os estados que fazem divisa com o Rio de Janeiro (S\u00e3o Paulo, Rio de Janeiro e Minas Gerais) \u00e9 o aumento do controle nas rodovias. Jardim disse que as [&hellip;]<\/p>\n","protected":false},"author":96,"featured_media":92384,"comment_status":"closed","ping_status":"closed","sticky":false,"template":"","format":"standard","meta":{"footnotes":""},"categories":[302],"tags":[],"class_list":["post-92385","post","type-post","status-publish","format-standard","has-post-thumbnail","hentry","category-brasil-mundo"],"_links":{"self":[{"href":"https:\/\/diarioregionaldigital.com.br\/index.php?rest_route=\/wp\/v2\/posts\/92385","targetHints":{"allow":["GET"]}}],"collection":[{"href":"https:\/\/diarioregionaldigital.com.br\/index.php?rest_route=\/wp\/v2\/posts"}],"about":[{"href":"https:\/\/diarioregionaldigital.com.br\/index.php?rest_route=\/wp\/v2\/types\/post"}],"author":[{"embeddable":true,"href":"https:\/\/diarioregionaldigital.com.br\/index.php?rest_route=\/wp\/v2\/users\/96"}],"replies":[{"embeddable":true,"href":"https:\/\/diarioregionaldigital.com.br\/index.php?rest_route=%2Fwp%2Fv2%2Fcomments&post=92385"}],"version-history":[{"count":0,"href":"https:\/\/diarioregionaldigital.com.br\/index.php?rest_route=\/wp\/v2\/posts\/92385\/revisions"}],"wp:featuredmedia":[{"embeddable":true,"href":"https:\/\/diarioregionaldigital.com.br\/index.php?rest_route=\/wp\/v2\/media\/92384"}],"wp:attachment":[{"href":"https:\/\/diarioregionaldigital.com.br\/index.php?rest_route=%2Fwp%2Fv2%2Fmedia&parent=92385"}],"wp:term":[{"taxonomy":"category","embeddable":true,"href":"https:\/\/diarioregionaldigital.com.br\/index.php?rest_route=%2Fwp%2Fv2%2Fcategories&post=92385"},{"taxonomy":"post_tag","embeddable":true,"href":"https:\/\/diarioregionaldigital.com.br\/index.php?rest_route=%2Fwp%2Fv2%2Ftags&post=92385"}],"curies":[{"name":"wp","href":"https:\/\/api.w.org\/{rel}","templated":true}]}}