{"id":92383,"date":"2018-02-22T18:09:49","date_gmt":"2018-02-22T21:09:49","guid":{"rendered":"http:\/\/diarioregionaljf.com.br\/2018\/02\/22\/acidente-com-monomotor-em-manaus-mata-tres-pessoas\/"},"modified":"2018-02-22T18:09:49","modified_gmt":"2018-02-22T21:09:49","slug":"acidente-com-monomotor-em-manaus-mata-tres-pessoas","status":"publish","type":"post","link":"https:\/\/diarioregionaldigital.com.br\/?p=92383","title":{"rendered":"Acidente com monomotor em Manaus mata tr\u00eas pessoas"},"content":{"rendered":"<p>Um avi\u00e3o monomotor caiu na manh\u00e3 dessa quinta-feira, 22, em Manaus, em um terreno baldio pr\u00f3ximo \u00e0 rodovi\u00e1ria da capital amazonense, matando tr\u00eas pessoas das cinco que estavam a bordo. Uma equipe do Corpo de Bombeiros Militar do Amazonas foi a primeira a chegar ao local.<\/p>\n<p>As duas pessoas retiradas com vida pelos bombeiros foram levadas por uma ambul\u00e2ncia do Samu para hospitais da regi\u00e3o. Segundo o capit\u00e3o Vanderson, do Corpo de Bombeiros, um dos feridos estava em estado grave.<\/p>\n<p>Ele informou tamb\u00e9m que peritos da Aeron\u00e1utica j\u00e1 est\u00e3o no local, colhendo dados para determinar a causa do acidente. O capit\u00e3o avaliou que o piloto evitou uma trag\u00e9dia maior ao desviar a aeronave para uma \u00e1rea desabitada da cidade.<\/p>\n<p>O militar disse ainda que os tr\u00eas corpos permanecem entre as ferragens, aguardando a libera\u00e7\u00e3o pelos legistas do Instituto M\u00e9dico-Legal do Amazonas. O militar n\u00e3o soube informar de onde procedia o avi\u00e3o e nem a identifica\u00e7\u00e3o das v\u00edtimas.<\/p>\n<p>Fonte: Ag\u00eancia Brasil<\/p>\n","protected":false},"excerpt":{"rendered":"<p>Um avi\u00e3o monomotor caiu na manh\u00e3 dessa quinta-feira, 22, em Manaus, em um terreno baldio pr\u00f3ximo \u00e0 rodovi\u00e1ria da capital amazonense, matando tr\u00eas pessoas das cinco que estavam a bordo. Uma equipe do Corpo de Bombeiros Militar do Amazonas foi a primeira a chegar ao local. As duas pessoas retiradas com vida pelos bombeiros foram [&hellip;]<\/p>\n","protected":false},"author":96,"featured_media":92382,"comment_status":"closed","ping_status":"closed","sticky":false,"template":"","format":"standard","meta":{"footnotes":""},"categories":[302],"tags":[],"class_list":["post-92383","post","type-post","status-publish","format-standard","has-post-thumbnail","hentry","category-brasil-mundo"],"_links":{"self":[{"href":"https:\/\/diarioregionaldigital.com.br\/index.php?rest_route=\/wp\/v2\/posts\/92383","targetHints":{"allow":["GET"]}}],"collection":[{"href":"https:\/\/diarioregionaldigital.com.br\/index.php?rest_route=\/wp\/v2\/posts"}],"about":[{"href":"https:\/\/diarioregionaldigital.com.br\/index.php?rest_route=\/wp\/v2\/types\/post"}],"author":[{"embeddable":true,"href":"https:\/\/diarioregionaldigital.com.br\/index.php?rest_route=\/wp\/v2\/users\/96"}],"replies":[{"embeddable":true,"href":"https:\/\/diarioregionaldigital.com.br\/index.php?rest_route=%2Fwp%2Fv2%2Fcomments&post=92383"}],"version-history":[{"count":0,"href":"https:\/\/diarioregionaldigital.com.br\/index.php?rest_route=\/wp\/v2\/posts\/92383\/revisions"}],"wp:featuredmedia":[{"embeddable":true,"href":"https:\/\/diarioregionaldigital.com.br\/index.php?rest_route=\/wp\/v2\/media\/92382"}],"wp:attachment":[{"href":"https:\/\/diarioregionaldigital.com.br\/index.php?rest_route=%2Fwp%2Fv2%2Fmedia&parent=92383"}],"wp:term":[{"taxonomy":"category","embeddable":true,"href":"https:\/\/diarioregionaldigital.com.br\/index.php?rest_route=%2Fwp%2Fv2%2Fcategories&post=92383"},{"taxonomy":"post_tag","embeddable":true,"href":"https:\/\/diarioregionaldigital.com.br\/index.php?rest_route=%2Fwp%2Fv2%2Ftags&post=92383"}],"curies":[{"name":"wp","href":"https:\/\/api.w.org\/{rel}","templated":true}]}}