{"id":92381,"date":"2018-02-22T17:24:21","date_gmt":"2018-02-22T20:24:21","guid":{"rendered":"http:\/\/diarioregionaljf.com.br\/2018\/02\/22\/inspecao-recupera-mais-de-r-4-bi-de-recursos-do-fgts-em-2017\/"},"modified":"2018-02-22T17:24:21","modified_gmt":"2018-02-22T20:24:21","slug":"inspecao-recupera-mais-de-r-4-bi-de-recursos-do-fgts-em-2017","status":"publish","type":"post","link":"https:\/\/diarioregionaldigital.com.br\/?p=92381","title":{"rendered":"Inspe\u00e7\u00e3o recupera mais de R$4 bi de recursos do FGTS em 2017"},"content":{"rendered":"<p>A fiscaliza\u00e7\u00e3o do Minist\u00e9rio do Trabalho e Emprego (MTE) recuperou, em 2017, R$4,2 bilh\u00f5es em recursos que deveriam ter sido depositados no Fundo de Garantia do Tempo de Servi\u00e7o (FGTS).<\/p>\n<p>No ano, os auditores do trabalho fiscalizaram 50,5 mil empregadores. No total, foram emitidas 19,4 mil notifica\u00e7\u00f5es de d\u00e9bito. Os setores mais autuados foram o do com\u00e9rcio (5,3 mil notifica\u00e7\u00f5es) e as ind\u00fastrias de transforma\u00e7\u00e3o, como o segmento de petr\u00f3leo (4 mil notifica\u00e7\u00f5es).<\/p>\n<p>Em termos geogr\u00e1ficos, os estados com mais recursos recuperados foram S\u00e3o Paulo (R$692 milh\u00f5es), Rio de Janeiro (R$485 milh\u00f5es) e Minas Gerais (R$199 milh\u00f5es).<\/p>\n<h4>Maior recupera\u00e7\u00e3o<\/h4>\n<p>O resultado de 2017 foi 35% maior do que o registrado em 2016, quando foram arrecadados R$3,1 bilh\u00f5es, e quase o dobro do montante de 2015, quando foram recuperados R$2,2 bilh\u00f5es.<\/p>\n<p>Uma das estrat\u00e9gias que t\u00eam permitido ampliar o volume de recursos recuperados \u00e9 o cruzamento entre as bases de dados do governo com as das contas, o que permite identificar os casos em que os dep\u00f3sitos n\u00e3o s\u00e3o feitos.<\/p>\n<h4>Apoio ao trabalhador<\/h4>\n<p>O FGTS \u00e9 um fundo criado para ajudar o trabalhador demitido sem justa causa. Nos contratos formais de trabalho, \u00e9 aberta uma conta vinculada ao trabalhador na qual \u00e9 depositado valor correspondente a 8% do sal\u00e1rio do empregado.<\/p>\n<p>Al\u00e9m do caso de rescis\u00e3o do contrato sem justa causa, os trabalhadores podem sacar o saldo dos seus dep\u00f3sitos no t\u00e9rmino de contrato por tempo determinado e quando tiver sa\u00eddo do regime do FGTS por mais de tr\u00eas anos.<\/p>\n<hr \/>\n<p>&nbsp;Fonte: Ag\u00eancia Brasil<\/p>\n","protected":false},"excerpt":{"rendered":"<p>A fiscaliza\u00e7\u00e3o do Minist\u00e9rio do Trabalho e Emprego (MTE) recuperou, em 2017, R$4,2 bilh\u00f5es em recursos que deveriam ter sido depositados no Fundo de Garantia do Tempo de Servi\u00e7o (FGTS). No ano, os auditores do trabalho fiscalizaram 50,5 mil empregadores. No total, foram emitidas 19,4 mil notifica\u00e7\u00f5es de d\u00e9bito. Os setores mais autuados foram o [&hellip;]<\/p>\n","protected":false},"author":96,"featured_media":92380,"comment_status":"closed","ping_status":"closed","sticky":false,"template":"","format":"standard","meta":{"footnotes":""},"categories":[261],"tags":[],"class_list":["post-92381","post","type-post","status-publish","format-standard","has-post-thumbnail","hentry","category-economia"],"_links":{"self":[{"href":"https:\/\/diarioregionaldigital.com.br\/index.php?rest_route=\/wp\/v2\/posts\/92381","targetHints":{"allow":["GET"]}}],"collection":[{"href":"https:\/\/diarioregionaldigital.com.br\/index.php?rest_route=\/wp\/v2\/posts"}],"about":[{"href":"https:\/\/diarioregionaldigital.com.br\/index.php?rest_route=\/wp\/v2\/types\/post"}],"author":[{"embeddable":true,"href":"https:\/\/diarioregionaldigital.com.br\/index.php?rest_route=\/wp\/v2\/users\/96"}],"replies":[{"embeddable":true,"href":"https:\/\/diarioregionaldigital.com.br\/index.php?rest_route=%2Fwp%2Fv2%2Fcomments&post=92381"}],"version-history":[{"count":0,"href":"https:\/\/diarioregionaldigital.com.br\/index.php?rest_route=\/wp\/v2\/posts\/92381\/revisions"}],"wp:featuredmedia":[{"embeddable":true,"href":"https:\/\/diarioregionaldigital.com.br\/index.php?rest_route=\/wp\/v2\/media\/92380"}],"wp:attachment":[{"href":"https:\/\/diarioregionaldigital.com.br\/index.php?rest_route=%2Fwp%2Fv2%2Fmedia&parent=92381"}],"wp:term":[{"taxonomy":"category","embeddable":true,"href":"https:\/\/diarioregionaldigital.com.br\/index.php?rest_route=%2Fwp%2Fv2%2Fcategories&post=92381"},{"taxonomy":"post_tag","embeddable":true,"href":"https:\/\/diarioregionaldigital.com.br\/index.php?rest_route=%2Fwp%2Fv2%2Ftags&post=92381"}],"curies":[{"name":"wp","href":"https:\/\/api.w.org\/{rel}","templated":true}]}}