{"id":92379,"date":"2018-02-22T17:21:06","date_gmt":"2018-02-22T20:21:06","guid":{"rendered":"http:\/\/diarioregionaljf.com.br\/2018\/02\/22\/previsao-do-banco-do-brasil-e-crescimento-de-2-8-do-pib-em-2018\/"},"modified":"2018-02-22T17:21:06","modified_gmt":"2018-02-22T20:21:06","slug":"previsao-do-banco-do-brasil-e-crescimento-de-2-8-do-pib-em-2018","status":"publish","type":"post","link":"https:\/\/diarioregionaldigital.com.br\/?p=92379","title":{"rendered":"Previs\u00e3o do Banco do Brasil \u00e9 crescimento de 2,8% do PIB em 2018"},"content":{"rendered":"<p>O presidente do Banco do Brasil, Paulo Caffarelli, disse hoje, 22, que a previs\u00e3o da institui\u00e7\u00e3o \u00e9 de que o Produto Interno Bruto (PIB) cres\u00e7a 2,8% em 2018. \u201cCom rela\u00e7\u00e3o a quest\u00e3o macroecon\u00f4mica, nossa expectativa \u00e9 de que a economia vai seguir o processo de retomada iniciada em 2017 e a previs\u00e3o do Banco do Brasil para o PIB \u00e9 que dever\u00e1 crescer em torno de 2,8% em 2018\u201d, disse, ap\u00f3s anunciar o lucro l\u00edquido ajustado do banco, de R$ 11,1 bilh\u00f5es em 2017.<\/p>\n<p>Durante a entrevista coletiva para apresentar o relat\u00f3rio do quarto trimestre de 2017 da institui\u00e7\u00e3o, o presidente afirmou que o consumo ser\u00e1 fundamental para a retomada da economia. \u201cO consumo ser\u00e1 mais uma vez protagonista nesta retomada, assim como a agricultura. Tamb\u00e9m contaremos com a contribui\u00e7\u00e3o positiva dos investimentos, que devem crescer ap\u00f3s anos de quedas consecutivas\u201d.<\/p>\n<p>De acordo com o relat\u00f3rio, o financiamento ao agroneg\u00f3cio encerrou dezembro de 2017 com saldo de R$182 bilh\u00f5es na carteira ampliada. O saldo da carteira de cr\u00e9dito rural ampliada alcan\u00e7ou R$159,7 bilh\u00f5es, o que representa crescimento de 6,1% em rela\u00e7\u00e3o ao mesmo per\u00edodo de 2016.<\/p>\n<p>Para 2018, a estimativa do Banco do Brasil \u00e9 que o lucro l\u00edquido fique entre R$11,5 e 14 bilh\u00f5es. \u201cAcredito que apesar de algumas incertezas no mercado externo, a ampla liquidez e a baixa press\u00e3o ao risco favorecer\u00e3o o fluxo de recurso para economias emergentes e o Brasil, com infla\u00e7\u00e3o e pol\u00edtica monet\u00e1ria equilibradas, certamente se beneficiar\u00e3o dessas recursos. Temos grandes projetos na \u00e1rea de infraestrutura que dever\u00e3o atrair capital estrangeiro\u201d, avaliou Caffarelli.<\/p>\n<p>O presidente da institui\u00e7\u00e3o ainda destacou que este ano ser\u00e1 marcado por investimentos, opera\u00e7\u00f5es do mercado de capital e melhoria do relacionamento com os clientes. \u201cO nome do jogo, para n\u00f3s do Banco do Brasil em 2018 ser\u00e1 mercado de capitais e conveni\u00eancia dos nossos clientes\u201d.<\/p>\n<hr \/>\n<p>&nbsp;Fonte: Ag\u00eancia Brasil<\/p>\n","protected":false},"excerpt":{"rendered":"<p>O presidente do Banco do Brasil, Paulo Caffarelli, disse hoje, 22, que a previs\u00e3o da institui\u00e7\u00e3o \u00e9 de que o Produto Interno Bruto (PIB) cres\u00e7a 2,8% em 2018. \u201cCom rela\u00e7\u00e3o a quest\u00e3o macroecon\u00f4mica, nossa expectativa \u00e9 de que a economia vai seguir o processo de retomada iniciada em 2017 e a previs\u00e3o do Banco do [&hellip;]<\/p>\n","protected":false},"author":96,"featured_media":92378,"comment_status":"closed","ping_status":"closed","sticky":false,"template":"","format":"standard","meta":{"footnotes":""},"categories":[261],"tags":[],"class_list":["post-92379","post","type-post","status-publish","format-standard","has-post-thumbnail","hentry","category-economia"],"_links":{"self":[{"href":"https:\/\/diarioregionaldigital.com.br\/index.php?rest_route=\/wp\/v2\/posts\/92379","targetHints":{"allow":["GET"]}}],"collection":[{"href":"https:\/\/diarioregionaldigital.com.br\/index.php?rest_route=\/wp\/v2\/posts"}],"about":[{"href":"https:\/\/diarioregionaldigital.com.br\/index.php?rest_route=\/wp\/v2\/types\/post"}],"author":[{"embeddable":true,"href":"https:\/\/diarioregionaldigital.com.br\/index.php?rest_route=\/wp\/v2\/users\/96"}],"replies":[{"embeddable":true,"href":"https:\/\/diarioregionaldigital.com.br\/index.php?rest_route=%2Fwp%2Fv2%2Fcomments&post=92379"}],"version-history":[{"count":0,"href":"https:\/\/diarioregionaldigital.com.br\/index.php?rest_route=\/wp\/v2\/posts\/92379\/revisions"}],"wp:featuredmedia":[{"embeddable":true,"href":"https:\/\/diarioregionaldigital.com.br\/index.php?rest_route=\/wp\/v2\/media\/92378"}],"wp:attachment":[{"href":"https:\/\/diarioregionaldigital.com.br\/index.php?rest_route=%2Fwp%2Fv2%2Fmedia&parent=92379"}],"wp:term":[{"taxonomy":"category","embeddable":true,"href":"https:\/\/diarioregionaldigital.com.br\/index.php?rest_route=%2Fwp%2Fv2%2Fcategories&post=92379"},{"taxonomy":"post_tag","embeddable":true,"href":"https:\/\/diarioregionaldigital.com.br\/index.php?rest_route=%2Fwp%2Fv2%2Ftags&post=92379"}],"curies":[{"name":"wp","href":"https:\/\/api.w.org\/{rel}","templated":true}]}}