{"id":92375,"date":"2018-02-22T13:01:53","date_gmt":"2018-02-22T16:01:53","guid":{"rendered":"http:\/\/diarioregionaljf.com.br\/2018\/02\/22\/homem-leva-duas-facadas-ao-sair-de-bar-no-santa-efigenia\/"},"modified":"2018-02-22T13:01:53","modified_gmt":"2018-02-22T16:01:53","slug":"homem-leva-duas-facadas-ao-sair-de-bar-no-santa-efigenia","status":"publish","type":"post","link":"https:\/\/diarioregionaldigital.com.br\/?p=92375","title":{"rendered":"Homem leva duas facadas ao sair de bar no Santa Efig\u00eania"},"content":{"rendered":"<p>Um homem de 39 anos foi v\u00edtima de tentativa de homic\u00eddio na noite desta quarta-feira, 21, no bairro Santa Efig\u00eania, localizado na zona Sul da cidade.<\/p>\n<p>Segundo informa\u00e7\u00f5es da Pol\u00edcia Militar (PM), o homem relatou que por volta das 21h trabalhava em um terreno na Rua Salim Miguel, e que ap\u00f3s o servi\u00e7o seguiu para um bar pr\u00f3ximo a sua resid\u00eancia.<\/p>\n<p>A v\u00edtima ficou no local por algumas horas e ao ir embora se deparou com um indiv\u00edduo com o qual j\u00e1 teve desentendimentos anteriormente. O homem continuou caminhando e ao se aproximar do indiv\u00edduo, o mesmo desferiu duas facadas contra ele, vindo a atingir seu bra\u00e7o esquerdo e cabe\u00e7a.<\/p>\n<p>Ap\u00f3s o crime o autor fugiu e n\u00e3o foi localizado.<\/p>\n<p>O homem buscou atendimento na Unidade de Pronto Atendimento (UPA) somente \u00e0s 3h da madrugada. A PM compareceu ao local e recolheu o relato do mesmo sobre o ocorrido. A v\u00edtima n\u00e3o informou a identidade do autor do crime. Ele foi transferido para o Hospital de Pronto Atendimento (HPS), onde passar\u00e1 por cirurgia.<\/p>\n","protected":false},"excerpt":{"rendered":"<p>Um homem de 39 anos foi v\u00edtima de tentativa de homic\u00eddio na noite desta quarta-feira, 21, no bairro Santa Efig\u00eania, localizado na zona Sul da cidade. Segundo informa\u00e7\u00f5es da Pol\u00edcia Militar (PM), o homem relatou que por volta das 21h trabalhava em um terreno na Rua Salim Miguel, e que ap\u00f3s o servi\u00e7o seguiu para [&hellip;]<\/p>\n","protected":false},"author":96,"featured_media":92374,"comment_status":"closed","ping_status":"closed","sticky":false,"template":"","format":"standard","meta":{"footnotes":""},"categories":[301],"tags":[],"class_list":["post-92375","post","type-post","status-publish","format-standard","has-post-thumbnail","hentry","category-artigos-policiais"],"_links":{"self":[{"href":"https:\/\/diarioregionaldigital.com.br\/index.php?rest_route=\/wp\/v2\/posts\/92375","targetHints":{"allow":["GET"]}}],"collection":[{"href":"https:\/\/diarioregionaldigital.com.br\/index.php?rest_route=\/wp\/v2\/posts"}],"about":[{"href":"https:\/\/diarioregionaldigital.com.br\/index.php?rest_route=\/wp\/v2\/types\/post"}],"author":[{"embeddable":true,"href":"https:\/\/diarioregionaldigital.com.br\/index.php?rest_route=\/wp\/v2\/users\/96"}],"replies":[{"embeddable":true,"href":"https:\/\/diarioregionaldigital.com.br\/index.php?rest_route=%2Fwp%2Fv2%2Fcomments&post=92375"}],"version-history":[{"count":0,"href":"https:\/\/diarioregionaldigital.com.br\/index.php?rest_route=\/wp\/v2\/posts\/92375\/revisions"}],"wp:featuredmedia":[{"embeddable":true,"href":"https:\/\/diarioregionaldigital.com.br\/index.php?rest_route=\/wp\/v2\/media\/92374"}],"wp:attachment":[{"href":"https:\/\/diarioregionaldigital.com.br\/index.php?rest_route=%2Fwp%2Fv2%2Fmedia&parent=92375"}],"wp:term":[{"taxonomy":"category","embeddable":true,"href":"https:\/\/diarioregionaldigital.com.br\/index.php?rest_route=%2Fwp%2Fv2%2Fcategories&post=92375"},{"taxonomy":"post_tag","embeddable":true,"href":"https:\/\/diarioregionaldigital.com.br\/index.php?rest_route=%2Fwp%2Fv2%2Ftags&post=92375"}],"curies":[{"name":"wp","href":"https:\/\/api.w.org\/{rel}","templated":true}]}}