{"id":92373,"date":"2018-02-22T12:41:06","date_gmt":"2018-02-22T15:41:06","guid":{"rendered":"http:\/\/diarioregionaljf.com.br\/2018\/02\/22\/nova-fase-da-lava-jato-cumpre-mandados-judiciais-em-quatro-estados\/"},"modified":"2018-02-22T12:41:06","modified_gmt":"2018-02-22T15:41:06","slug":"nova-fase-da-lava-jato-cumpre-mandados-judiciais-em-quatro-estados","status":"publish","type":"post","link":"https:\/\/diarioregionaldigital.com.br\/?p=92373","title":{"rendered":"Nova fase da Lava Jato cumpre mandados judiciais em quatro estados"},"content":{"rendered":"<p>A Pol\u00edcia Federal (PF) cumpre hoje, 22, sete mandados de pris\u00e3o tempor\u00e1ria e 50 de busca e apreens\u00e3o em S\u00e3o Paulo, Santa Catarina, Rio de Janeiro e Paran\u00e1, na primeira etapa da Lava Jato este ano.<\/p>\n<p>A a\u00e7\u00e3o faz parte da 48\u00aa fase da Opera\u00e7\u00e3o da Lava Jato, batizada de Integra\u00e7\u00e3o, e tem como alvo, segundo a PF, a apura\u00e7\u00e3o de casos de corrup\u00e7\u00e3o ligados \u00e0 concess\u00e3o de rodovias federais no Paran\u00e1. Essas estradas fazem parte do chamado Anel da Integra\u00e7\u00e3o.<\/p>\n<p>As ordens judiciais foram autorizadas pelo ju\u00edzo da 13\u00aa Vara Federal de Curitiba, As investiga\u00e7\u00f5es detectaram o uso das estruturas de lavagem de dinheiro \u201creveladas na Opera\u00e7\u00e3o Lava Jato para operacionalizar os recursos il\u00edcitos pagos a agentes p\u00fablicos, principalmente por meio dos operadores financeiros Adir Assad e Rodrigo Tacla Duran, investigados na Lava Jato&#8221;, segundo a Pol\u00edcia Federal.<\/p>\n<p>Fonte: Ag\u00eancia Brasil<\/p>\n","protected":false},"excerpt":{"rendered":"<p>A Pol\u00edcia Federal (PF) cumpre hoje, 22, sete mandados de pris\u00e3o tempor\u00e1ria e 50 de busca e apreens\u00e3o em S\u00e3o Paulo, Santa Catarina, Rio de Janeiro e Paran\u00e1, na primeira etapa da Lava Jato este ano. A a\u00e7\u00e3o faz parte da 48\u00aa fase da Opera\u00e7\u00e3o da Lava Jato, batizada de Integra\u00e7\u00e3o, e tem como alvo, [&hellip;]<\/p>\n","protected":false},"author":96,"featured_media":92372,"comment_status":"closed","ping_status":"closed","sticky":false,"template":"","format":"standard","meta":{"footnotes":""},"categories":[302],"tags":[],"class_list":["post-92373","post","type-post","status-publish","format-standard","has-post-thumbnail","hentry","category-brasil-mundo"],"_links":{"self":[{"href":"https:\/\/diarioregionaldigital.com.br\/index.php?rest_route=\/wp\/v2\/posts\/92373","targetHints":{"allow":["GET"]}}],"collection":[{"href":"https:\/\/diarioregionaldigital.com.br\/index.php?rest_route=\/wp\/v2\/posts"}],"about":[{"href":"https:\/\/diarioregionaldigital.com.br\/index.php?rest_route=\/wp\/v2\/types\/post"}],"author":[{"embeddable":true,"href":"https:\/\/diarioregionaldigital.com.br\/index.php?rest_route=\/wp\/v2\/users\/96"}],"replies":[{"embeddable":true,"href":"https:\/\/diarioregionaldigital.com.br\/index.php?rest_route=%2Fwp%2Fv2%2Fcomments&post=92373"}],"version-history":[{"count":0,"href":"https:\/\/diarioregionaldigital.com.br\/index.php?rest_route=\/wp\/v2\/posts\/92373\/revisions"}],"wp:featuredmedia":[{"embeddable":true,"href":"https:\/\/diarioregionaldigital.com.br\/index.php?rest_route=\/wp\/v2\/media\/92372"}],"wp:attachment":[{"href":"https:\/\/diarioregionaldigital.com.br\/index.php?rest_route=%2Fwp%2Fv2%2Fmedia&parent=92373"}],"wp:term":[{"taxonomy":"category","embeddable":true,"href":"https:\/\/diarioregionaldigital.com.br\/index.php?rest_route=%2Fwp%2Fv2%2Fcategories&post=92373"},{"taxonomy":"post_tag","embeddable":true,"href":"https:\/\/diarioregionaldigital.com.br\/index.php?rest_route=%2Fwp%2Fv2%2Ftags&post=92373"}],"curies":[{"name":"wp","href":"https:\/\/api.w.org\/{rel}","templated":true}]}}