{"id":92371,"date":"2018-02-22T12:37:47","date_gmt":"2018-02-22T15:37:47","guid":{"rendered":"http:\/\/diarioregionaljf.com.br\/2018\/02\/22\/maia-descarta-criacao-de-novos-impostos-para-custear-seguranca-publica-no-pais\/"},"modified":"2018-02-22T12:37:47","modified_gmt":"2018-02-22T15:37:47","slug":"maia-descarta-criacao-de-novos-impostos-para-custear-seguranca-publica-no-pais","status":"publish","type":"post","link":"https:\/\/diarioregionaldigital.com.br\/?p=92371","title":{"rendered":"Maia descarta cria\u00e7\u00e3o de novos impostos para custear seguran\u00e7a p\u00fablica no pa\u00eds"},"content":{"rendered":"<p>O presidente da C\u00e2mara, deputado Rodrigo Maia (DEM-RJ), descartou hoje (21) a cria\u00e7\u00e3o de novos impostos no pa\u00eds. Segundo ele, o presidente da Rep\u00fablica teria consultado sobre a possibilidade da cria\u00e7\u00e3o de um imposto para custear gastos com seguran\u00e7a p\u00fablica.<\/p>\n<p>\u201cAqui na C\u00e2mara, n\u00e3o passa a cria\u00e7\u00e3o de nenhum imposto\u201d, afirmou. \u201cInformalmente o presidente [Michel Temer] perguntou e eu disse a ele que o \u00fanico caminho que ele teria era uma Emenda Constitucional, que o pr\u00f3prio decreto de interven\u00e7\u00e3o inviabiliza. Acho que n\u00e3o \u00e9 essa discuss\u00e3o. Ao inv\u00e9s de se tratar de um aumento de receitas, a gente pode tratar da diminui\u00e7\u00e3o de despesas. Podemos come\u00e7ar diminuindo o n\u00famero de minist\u00e9rios, pode ser um caminho\u201d, completou.<\/p>\n<p>A discuss\u00e3o sobre o aumento de receitas ocorre ap\u00f3s a divulga\u00e7\u00e3o do pacote de 15 propostas econ\u00f4micas consideradas priorit\u00e1rias pelo governo.<\/p>\n<p>A lista de projetos foi apresentada nesta segunda-feira (19) pelo Pal\u00e1cio do Planalto e re\u00fane os dispositivos legais que devem ser tratados como priorit\u00e1rios no Congresso em alternativa \u00e0 proposta de emenda \u00e0 Constitui\u00e7\u00e3o (PEC) da reforma da Previd\u00eancia. Com a interven\u00e7\u00e3o federal no Rio de Janeiro, C\u00e2mara e Senado ficam impedidos de votar qualquer altera\u00e7\u00e3o \u00e0 Constitui\u00e7\u00e3o, como \u00e9 o caso da reforma.<\/p>\n<p>Apesar da declara\u00e7\u00e3o de Maia, o ministro da Secretaria de Governo, Carlos Marun, afirmou que desconhecia o assunto de cria\u00e7\u00e3o de novos impostos. \u201cN\u00e3o tenho conhecimento de nada nesse sentido. Nunca ouvi falar disso\u201d, disse Marun.<\/p>\n<p>Nesta tarde, o ministro esteve na C\u00e2mara dos Deputados para apaziguar o clima entre os poderes Executivo e Legislativo ap\u00f3s as rea\u00e7\u00f5es negativas do presidente da Casa, deputado Rodrigo Maia, e do presidente do Senado, Eun\u00edcio Oliveira (MDB-CE), sobre o an\u00fancio do governo das medidas priorit\u00e1rias.<\/p>\n<p>\u201cN\u00f3s reconhecemos e sabemos muito bem que a pauta [do Legislativo] \u00e9 uma decis\u00e3o dos presidentes das Casas Legislativas. O governo envia uma sugest\u00e3o de prioriza\u00e7\u00e3o de alguns temas, que j\u00e1 est\u00e3o em discuss\u00e3o aqui no Parlamento ou aqui na sociedade. Temas esses que entendemos que, se aprovados, melhorariam o ambiente da economia brasileira\u201d, argumentou.<\/p>\n<p>Segundo o ministro, o tema poderia ter sido debatido com o Legislativo antes de ser divulgado. \u201cTalvez, antes de anunciar n\u00f3s dev\u00eassemos ter trazido aqui\u201d, disse. \u201cMas isso j\u00e1 \u00e9 coisa superada\u201d, completou.<\/p>\n<p>Fonte: Ag\u00eancia Brasil<\/p>\n","protected":false},"excerpt":{"rendered":"<p>O presidente da C\u00e2mara, deputado Rodrigo Maia (DEM-RJ), descartou hoje (21) a cria\u00e7\u00e3o de novos impostos no pa\u00eds. Segundo ele, o presidente da Rep\u00fablica teria consultado sobre a possibilidade da cria\u00e7\u00e3o de um imposto para custear gastos com seguran\u00e7a p\u00fablica. \u201cAqui na C\u00e2mara, n\u00e3o passa a cria\u00e7\u00e3o de nenhum imposto\u201d, afirmou. \u201cInformalmente o presidente [Michel [&hellip;]<\/p>\n","protected":false},"author":96,"featured_media":92370,"comment_status":"closed","ping_status":"closed","sticky":false,"template":"","format":"standard","meta":{"footnotes":""},"categories":[254],"tags":[],"class_list":["post-92371","post","type-post","status-publish","format-standard","has-post-thumbnail","hentry","category-politica"],"_links":{"self":[{"href":"https:\/\/diarioregionaldigital.com.br\/index.php?rest_route=\/wp\/v2\/posts\/92371","targetHints":{"allow":["GET"]}}],"collection":[{"href":"https:\/\/diarioregionaldigital.com.br\/index.php?rest_route=\/wp\/v2\/posts"}],"about":[{"href":"https:\/\/diarioregionaldigital.com.br\/index.php?rest_route=\/wp\/v2\/types\/post"}],"author":[{"embeddable":true,"href":"https:\/\/diarioregionaldigital.com.br\/index.php?rest_route=\/wp\/v2\/users\/96"}],"replies":[{"embeddable":true,"href":"https:\/\/diarioregionaldigital.com.br\/index.php?rest_route=%2Fwp%2Fv2%2Fcomments&post=92371"}],"version-history":[{"count":0,"href":"https:\/\/diarioregionaldigital.com.br\/index.php?rest_route=\/wp\/v2\/posts\/92371\/revisions"}],"wp:featuredmedia":[{"embeddable":true,"href":"https:\/\/diarioregionaldigital.com.br\/index.php?rest_route=\/wp\/v2\/media\/92370"}],"wp:attachment":[{"href":"https:\/\/diarioregionaldigital.com.br\/index.php?rest_route=%2Fwp%2Fv2%2Fmedia&parent=92371"}],"wp:term":[{"taxonomy":"category","embeddable":true,"href":"https:\/\/diarioregionaldigital.com.br\/index.php?rest_route=%2Fwp%2Fv2%2Fcategories&post=92371"},{"taxonomy":"post_tag","embeddable":true,"href":"https:\/\/diarioregionaldigital.com.br\/index.php?rest_route=%2Fwp%2Fv2%2Ftags&post=92371"}],"curies":[{"name":"wp","href":"https:\/\/api.w.org\/{rel}","templated":true}]}}