{"id":92369,"date":"2018-02-22T12:35:20","date_gmt":"2018-02-22T15:35:20","guid":{"rendered":"http:\/\/diarioregionaljf.com.br\/2018\/02\/22\/pais-registra-164-mortes-por-febre-amarela-desde-julho\/"},"modified":"2018-02-22T12:35:20","modified_gmt":"2018-02-22T15:35:20","slug":"pais-registra-164-mortes-por-febre-amarela-desde-julho","status":"publish","type":"post","link":"https:\/\/diarioregionaldigital.com.br\/?p=92369","title":{"rendered":"Pa\u00eds registra 164 mortes por febre amarela desde julho"},"content":{"rendered":"<p>Entre 1\u00ba julho de 2017 e 20 de fevereiro deste ano, foram confirmados 545 casos de febre amarela no pa\u00eds, com 164 \u00f3bitos. Ao todo, foram notificados 1.773 casos suspeitos, sendo que 685 foram descartados e 422 permanecem em investiga\u00e7\u00e3o.<\/p>\n<p>A atualiza\u00e7\u00e3o dos dados da febre amarela no pa\u00eds foi divulgada nesta quarta-feira, 21, pelo Minist\u00e9rio da Sa\u00fade, com base nas informa\u00e7\u00f5es repassadas pelas secretarias estaduais de Sa\u00fade. No mesmo per\u00edodo do ano passado, foram confirmados 557 casos e 178 mortes.<\/p>\n<p>O maior n\u00famero de mortes aconteceu em Minas Gerais, com 77 \u00f3bitos e 264 casos confirmados. Em seguida aparece S\u00e3o Paulo, com 57 mortes e 208 casos, e Rio de Janeiro, com 29 \u00f3bitos e 72 casos confirmados.<\/p>\n<p>At\u00e9 segunda-feira, 19, 5,1 milh\u00f5es de pessoas foram vacinadas nos estados do Rio de Janeiro e S\u00e3o Paulo, sendo 4,7 milh\u00f5es com doses fracionadas e 422,6 mil com doses padr\u00e3o. O n\u00famero corresponde a 25,2% do p\u00fablico-alvo previsto no Sudeste.<\/p>\n<p>A recomenda\u00e7\u00e3o do Minist\u00e9rio da Sa\u00fade \u00e9 que os estados continuem vacinando at\u00e9 atingir alta cobertura. O estado da Bahia iniciou a campanha em oito munic\u00edpios, nesta segunda-feira 19.<\/p>\n<p>Fonte: Ag\u00eancia Brasil<\/p>\n","protected":false},"excerpt":{"rendered":"<p>Entre 1\u00ba julho de 2017 e 20 de fevereiro deste ano, foram confirmados 545 casos de febre amarela no pa\u00eds, com 164 \u00f3bitos. Ao todo, foram notificados 1.773 casos suspeitos, sendo que 685 foram descartados e 422 permanecem em investiga\u00e7\u00e3o. A atualiza\u00e7\u00e3o dos dados da febre amarela no pa\u00eds foi divulgada nesta quarta-feira, 21, pelo [&hellip;]<\/p>\n","protected":false},"author":96,"featured_media":92368,"comment_status":"closed","ping_status":"closed","sticky":false,"template":"","format":"standard","meta":{"footnotes":""},"categories":[302],"tags":[],"class_list":["post-92369","post","type-post","status-publish","format-standard","has-post-thumbnail","hentry","category-brasil-mundo"],"_links":{"self":[{"href":"https:\/\/diarioregionaldigital.com.br\/index.php?rest_route=\/wp\/v2\/posts\/92369","targetHints":{"allow":["GET"]}}],"collection":[{"href":"https:\/\/diarioregionaldigital.com.br\/index.php?rest_route=\/wp\/v2\/posts"}],"about":[{"href":"https:\/\/diarioregionaldigital.com.br\/index.php?rest_route=\/wp\/v2\/types\/post"}],"author":[{"embeddable":true,"href":"https:\/\/diarioregionaldigital.com.br\/index.php?rest_route=\/wp\/v2\/users\/96"}],"replies":[{"embeddable":true,"href":"https:\/\/diarioregionaldigital.com.br\/index.php?rest_route=%2Fwp%2Fv2%2Fcomments&post=92369"}],"version-history":[{"count":0,"href":"https:\/\/diarioregionaldigital.com.br\/index.php?rest_route=\/wp\/v2\/posts\/92369\/revisions"}],"wp:featuredmedia":[{"embeddable":true,"href":"https:\/\/diarioregionaldigital.com.br\/index.php?rest_route=\/wp\/v2\/media\/92368"}],"wp:attachment":[{"href":"https:\/\/diarioregionaldigital.com.br\/index.php?rest_route=%2Fwp%2Fv2%2Fmedia&parent=92369"}],"wp:term":[{"taxonomy":"category","embeddable":true,"href":"https:\/\/diarioregionaldigital.com.br\/index.php?rest_route=%2Fwp%2Fv2%2Fcategories&post=92369"},{"taxonomy":"post_tag","embeddable":true,"href":"https:\/\/diarioregionaldigital.com.br\/index.php?rest_route=%2Fwp%2Fv2%2Ftags&post=92369"}],"curies":[{"name":"wp","href":"https:\/\/api.w.org\/{rel}","templated":true}]}}