{"id":92367,"date":"2018-02-22T12:12:09","date_gmt":"2018-02-22T15:12:09","guid":{"rendered":"http:\/\/diarioregionaljf.com.br\/2018\/02\/22\/jovem-e-alvejado-por-tiros-e-se-choca-contra-onibus-ao-tentar-fugir\/"},"modified":"2018-02-22T12:12:09","modified_gmt":"2018-02-22T15:12:09","slug":"jovem-e-alvejado-por-tiros-e-se-choca-contra-onibus-ao-tentar-fugir","status":"publish","type":"post","link":"https:\/\/diarioregionaldigital.com.br\/?p=92367","title":{"rendered":"Jovem \u00e9 alvejado por tiros e se choca contra \u00f4nibus ao tentar fugir"},"content":{"rendered":"<p>Um jovem de 24 anos sofreu uma tentativa de homic\u00eddio nesta quarta-feira, 21, no bairro S\u00e3o Dami\u00e3o, localizado na zona Norte da cidade.<\/p>\n<p>De acordo com o registro de ocorr\u00eancias da Pol\u00edcia Militar (PM), o jovem saiu de casa por volta das 4h da madrugada e seguiu para o trabalho. No momento em que passava pela Rua Bartolomeu dos Santos, o jovem se deparou com um indiv\u00edduo com panos amarrados no rosto, que come\u00e7ou a efetuar disparos de arma de fogo em sua dire\u00e7\u00e3o.<\/p>\n<p>O jovem foi atingido pelos disparos e imediatamente come\u00e7ou a correr a fim de fugir do autor. Durante a fuga ele veio a se chocar contra um \u00f4nibus da linha 748, que seguia pela rua a fim de realizar sua segunda viagem do dia. Com o choque os dois vidros p\u00e1ra-brisas do coletivo quebraram.<\/p>\n<p>Mesmo ap\u00f3s se chocar contra o ve\u00edculo, a v\u00edtima continuou correndo at\u00e9 chegar a uma sede da Cia. de Pol\u00edcia Militar. Em di\u00e1logo com os policiais, o jovem n\u00e3o soube explicar por quantos disparos foi atingido. Tamb\u00e9m compareceram \u00e0 sede da PM, o motorista e cobrador do \u00f4nibus, que afirmaram ter visto o autor efetuado os disparos contra o jovem. Eles tamb\u00e9m relataram que o indiv\u00edduo continuou correndo atr\u00e1s da v\u00edtima efetuando disparos, por\u00e9m este n\u00e3o foi mais alvejado.<\/p>\n<p>A per\u00edcia foi acionada e encaminhou o \u00f4nibus para uma avalia\u00e7\u00e3o.<\/p>\n<p>O jovem foi socorrido e encaminhado para o Hospital de Pronto Socorro (HPS), onde permaneceu internado.<\/p>\n","protected":false},"excerpt":{"rendered":"<p>Um jovem de 24 anos sofreu uma tentativa de homic\u00eddio nesta quarta-feira, 21, no bairro S\u00e3o Dami\u00e3o, localizado na zona Norte da cidade. De acordo com o registro de ocorr\u00eancias da Pol\u00edcia Militar (PM), o jovem saiu de casa por volta das 4h da madrugada e seguiu para o trabalho. No momento em que passava [&hellip;]<\/p>\n","protected":false},"author":96,"featured_media":92366,"comment_status":"closed","ping_status":"closed","sticky":false,"template":"","format":"standard","meta":{"footnotes":""},"categories":[301],"tags":[],"class_list":["post-92367","post","type-post","status-publish","format-standard","has-post-thumbnail","hentry","category-artigos-policiais"],"_links":{"self":[{"href":"https:\/\/diarioregionaldigital.com.br\/index.php?rest_route=\/wp\/v2\/posts\/92367","targetHints":{"allow":["GET"]}}],"collection":[{"href":"https:\/\/diarioregionaldigital.com.br\/index.php?rest_route=\/wp\/v2\/posts"}],"about":[{"href":"https:\/\/diarioregionaldigital.com.br\/index.php?rest_route=\/wp\/v2\/types\/post"}],"author":[{"embeddable":true,"href":"https:\/\/diarioregionaldigital.com.br\/index.php?rest_route=\/wp\/v2\/users\/96"}],"replies":[{"embeddable":true,"href":"https:\/\/diarioregionaldigital.com.br\/index.php?rest_route=%2Fwp%2Fv2%2Fcomments&post=92367"}],"version-history":[{"count":0,"href":"https:\/\/diarioregionaldigital.com.br\/index.php?rest_route=\/wp\/v2\/posts\/92367\/revisions"}],"wp:featuredmedia":[{"embeddable":true,"href":"https:\/\/diarioregionaldigital.com.br\/index.php?rest_route=\/wp\/v2\/media\/92366"}],"wp:attachment":[{"href":"https:\/\/diarioregionaldigital.com.br\/index.php?rest_route=%2Fwp%2Fv2%2Fmedia&parent=92367"}],"wp:term":[{"taxonomy":"category","embeddable":true,"href":"https:\/\/diarioregionaldigital.com.br\/index.php?rest_route=%2Fwp%2Fv2%2Fcategories&post=92367"},{"taxonomy":"post_tag","embeddable":true,"href":"https:\/\/diarioregionaldigital.com.br\/index.php?rest_route=%2Fwp%2Fv2%2Ftags&post=92367"}],"curies":[{"name":"wp","href":"https:\/\/api.w.org\/{rel}","templated":true}]}}