{"id":92365,"date":"2018-02-21T23:33:48","date_gmt":"2018-02-22T02:33:48","guid":{"rendered":"http:\/\/diarioregionaljf.com.br\/2018\/02\/21\/operario-e-atingido-por-estruturas-metalicas-em-obra-no-marilandia\/"},"modified":"2018-02-21T23:33:48","modified_gmt":"2018-02-22T02:33:48","slug":"operario-e-atingido-por-estruturas-metalicas-em-obra-no-marilandia","status":"publish","type":"post","link":"https:\/\/diarioregionaldigital.com.br\/?p=92365","title":{"rendered":"Oper\u00e1rio \u00e9 atingido por estruturas met\u00e1licas em obra no Maril\u00e2ndia"},"content":{"rendered":"<p>Um oper\u00e1rio de 40 anos teve ferimentos graves ap\u00f3s ser atingido por estruturas met\u00e1licas em uma obra no bairro Maril\u00e2ndia, zona Oeste, na tarde desta quarta-feira, 21.<\/p>\n<p>De acordo com informa\u00e7\u00f5es do Corpo de Bombeiros, acionado para atender a ocorr\u00eancia, uma fita de seguran\u00e7a que descia as ferragens de uma altura aproximada de 20 metros se rompeu, fazendo com que as estruturas ca\u00edssem, atingindo o oper\u00e1rio. Quando os militares chegaram ao local, a v\u00edtima estava ca\u00edda sobre um caminh\u00e3o.<\/p>\n<p>Ainda segundo os bombeiros, o oper\u00e1rio sofreu um corte no cr\u00e2nio e foi encaminhado ao Hospital de Pronto Socorro (HPS) com suspeita de fratura no bra\u00e7o e fraturas na t\u00edbia e na fibula.<\/p>\n","protected":false},"excerpt":{"rendered":"<p>Um oper\u00e1rio de 40 anos teve ferimentos graves ap\u00f3s ser atingido por estruturas met\u00e1licas em uma obra no bairro Maril\u00e2ndia, zona Oeste, na tarde desta quarta-feira, 21. De acordo com informa\u00e7\u00f5es do Corpo de Bombeiros, acionado para atender a ocorr\u00eancia, uma fita de seguran\u00e7a que descia as ferragens de uma altura aproximada de 20 metros [&hellip;]<\/p>\n","protected":false},"author":96,"featured_media":92364,"comment_status":"closed","ping_status":"closed","sticky":false,"template":"","format":"standard","meta":{"footnotes":""},"categories":[253],"tags":[],"class_list":["post-92365","post","type-post","status-publish","format-standard","has-post-thumbnail","hentry","category-cidade"],"_links":{"self":[{"href":"https:\/\/diarioregionaldigital.com.br\/index.php?rest_route=\/wp\/v2\/posts\/92365","targetHints":{"allow":["GET"]}}],"collection":[{"href":"https:\/\/diarioregionaldigital.com.br\/index.php?rest_route=\/wp\/v2\/posts"}],"about":[{"href":"https:\/\/diarioregionaldigital.com.br\/index.php?rest_route=\/wp\/v2\/types\/post"}],"author":[{"embeddable":true,"href":"https:\/\/diarioregionaldigital.com.br\/index.php?rest_route=\/wp\/v2\/users\/96"}],"replies":[{"embeddable":true,"href":"https:\/\/diarioregionaldigital.com.br\/index.php?rest_route=%2Fwp%2Fv2%2Fcomments&post=92365"}],"version-history":[{"count":0,"href":"https:\/\/diarioregionaldigital.com.br\/index.php?rest_route=\/wp\/v2\/posts\/92365\/revisions"}],"wp:featuredmedia":[{"embeddable":true,"href":"https:\/\/diarioregionaldigital.com.br\/index.php?rest_route=\/wp\/v2\/media\/92364"}],"wp:attachment":[{"href":"https:\/\/diarioregionaldigital.com.br\/index.php?rest_route=%2Fwp%2Fv2%2Fmedia&parent=92365"}],"wp:term":[{"taxonomy":"category","embeddable":true,"href":"https:\/\/diarioregionaldigital.com.br\/index.php?rest_route=%2Fwp%2Fv2%2Fcategories&post=92365"},{"taxonomy":"post_tag","embeddable":true,"href":"https:\/\/diarioregionaldigital.com.br\/index.php?rest_route=%2Fwp%2Fv2%2Ftags&post=92365"}],"curies":[{"name":"wp","href":"https:\/\/api.w.org\/{rel}","templated":true}]}}