{"id":92363,"date":"2018-02-21T23:06:32","date_gmt":"2018-02-22T02:06:32","guid":{"rendered":"http:\/\/diarioregionaljf.com.br\/2018\/02\/21\/policia-civil-prende-trio-suspeito-de-matar-homem-em-contagem\/"},"modified":"2018-02-21T23:06:32","modified_gmt":"2018-02-22T02:06:32","slug":"policia-civil-prende-trio-suspeito-de-matar-homem-em-contagem","status":"publish","type":"post","link":"https:\/\/diarioregionaldigital.com.br\/?p=92363","title":{"rendered":"Pol\u00edcia Civil prende trio suspeito de matar homem em Contagem"},"content":{"rendered":"<p>Ap\u00f3s aproximadamente tr\u00eas meses de investiga\u00e7\u00e3o, a Pol\u00edcia Civil de Minas Gerais (PCMG) cumpriu mandados de pris\u00e3o em desfavor de tr\u00eas homens, de 20, 22 e 30 anos, apontados como respons\u00e1veis por um homic\u00eddio ocorrido no dia 19 de novembro do ano passado, na Vila Marimbondo, em Contagem (a aproximadamente 293Km de JF), Regi\u00e3o Metropolitana de Belo Horizonte.<\/p>\n<p>De acordo com informa\u00e7\u00f5es da PC, um dia antes do homic\u00eddio, um dos autores teria invadido a casa da v\u00edtima para fugir de uma persegui\u00e7\u00e3o policial, mas o homem de 29 anos n\u00e3o aceitou dar abrigo ao foragido, expulsando-o da resid\u00eancia. Revoltado, o autor retornou no dia seguinte, acompanhado dos outros dois suspeitos, para executar o crime.<\/p>\n<p>O trio entrou na casa da v\u00edtima e a atingiu com uma coronhada na cabe\u00e7a. O homem foi colocado de joelhos e morto com cinco disparos de arma de fogo, desferidos em v\u00e1rias regi\u00f5es do corpo. A a\u00e7\u00e3o ocorreu diante da companheira dele, que n\u00e3o reagiu por estar sob amea\u00e7as. Para a Pol\u00edcia, o suspeito para quem a v\u00edtima negou abrigo foi o respons\u00e1vel por desferir os tiros.<\/p>\n<p>Ainda segundo informa\u00e7\u00f5es da Pol\u00edcia Civil, durante levantamentos foi apurado que o trio j\u00e1 tinha envolvimento com crimes de tr\u00e1fico de drogas e roubo. O suspeito de efetuar os disparos contra a v\u00edtima \u00e9 conhecido por sua periculosidade e era gerente de dois pontos de venda de drogas em Contagem, com ramifica\u00e7\u00f5es na capital. Ele coordenava um esquema de roubo e adultera\u00e7\u00e3o de placas. Esses ve\u00edculos, posteriormente, eram negociados em troca de armas e drogas.<\/p>\n<p>Em 2017, o autor ainda teria participado de um roubo a uma mans\u00e3o, ocorrido no dia 25 de julho, no bairro Belvedere, regi\u00e3o sul da capital. A a\u00e7\u00e3o foi flagrada por c\u00e2meras de seguran\u00e7a instaladas no im\u00f3vel. Ele encontrava-se foragido do pres\u00eddio desde abril do ano passado, ap\u00f3s uma sa\u00edda tempor\u00e1ria, e foi capturado na sexta-feira de Carnaval, 9.<\/p>\n<p>Os mandados de pris\u00e3o contra os outros dois autores foi cumprido dentro do pres\u00eddio, onde encontravam-se presos em decorr\u00eancia de outros delitos.<\/p>\n<p>&nbsp;<\/p>\n<p>Da reda\u00e7\u00e3o\/Colabora\u00e7\u00e3o Assessoria<\/p>\n","protected":false},"excerpt":{"rendered":"<p>Ap\u00f3s aproximadamente tr\u00eas meses de investiga\u00e7\u00e3o, a Pol\u00edcia Civil de Minas Gerais (PCMG) cumpriu mandados de pris\u00e3o em desfavor de tr\u00eas homens, de 20, 22 e 30 anos, apontados como respons\u00e1veis por um homic\u00eddio ocorrido no dia 19 de novembro do ano passado, na Vila Marimbondo, em Contagem (a aproximadamente 293Km de JF), Regi\u00e3o Metropolitana [&hellip;]<\/p>\n","protected":false},"author":96,"featured_media":92362,"comment_status":"closed","ping_status":"closed","sticky":false,"template":"","format":"standard","meta":{"footnotes":""},"categories":[252],"tags":[],"class_list":["post-92363","post","type-post","status-publish","format-standard","has-post-thumbnail","hentry","category-regiao"],"_links":{"self":[{"href":"https:\/\/diarioregionaldigital.com.br\/index.php?rest_route=\/wp\/v2\/posts\/92363","targetHints":{"allow":["GET"]}}],"collection":[{"href":"https:\/\/diarioregionaldigital.com.br\/index.php?rest_route=\/wp\/v2\/posts"}],"about":[{"href":"https:\/\/diarioregionaldigital.com.br\/index.php?rest_route=\/wp\/v2\/types\/post"}],"author":[{"embeddable":true,"href":"https:\/\/diarioregionaldigital.com.br\/index.php?rest_route=\/wp\/v2\/users\/96"}],"replies":[{"embeddable":true,"href":"https:\/\/diarioregionaldigital.com.br\/index.php?rest_route=%2Fwp%2Fv2%2Fcomments&post=92363"}],"version-history":[{"count":0,"href":"https:\/\/diarioregionaldigital.com.br\/index.php?rest_route=\/wp\/v2\/posts\/92363\/revisions"}],"wp:featuredmedia":[{"embeddable":true,"href":"https:\/\/diarioregionaldigital.com.br\/index.php?rest_route=\/wp\/v2\/media\/92362"}],"wp:attachment":[{"href":"https:\/\/diarioregionaldigital.com.br\/index.php?rest_route=%2Fwp%2Fv2%2Fmedia&parent=92363"}],"wp:term":[{"taxonomy":"category","embeddable":true,"href":"https:\/\/diarioregionaldigital.com.br\/index.php?rest_route=%2Fwp%2Fv2%2Fcategories&post=92363"},{"taxonomy":"post_tag","embeddable":true,"href":"https:\/\/diarioregionaldigital.com.br\/index.php?rest_route=%2Fwp%2Fv2%2Ftags&post=92363"}],"curies":[{"name":"wp","href":"https:\/\/api.w.org\/{rel}","templated":true}]}}